{"id":278,"date":"2019-11-11T20:07:10","date_gmt":"2019-11-11T20:07:10","guid":{"rendered":"http:\/\/vandalvan.com\/?p=278"},"modified":"2024-11-20T17:32:59","modified_gmt":"2024-11-20T17:32:59","slug":"lodowka-do-kampera","status":"publish","type":"post","link":"https:\/\/vandalvan.com\/index.php\/2019\/11\/11\/lodowka-do-kampera\/","title":{"rendered":"Lod\u00f3wka do kampera"},"content":{"rendered":"\n<p><strong>Lod\u00f3wka do kampera daje ogromny komfort &#8211; pomimo dost\u0119pno\u015bci kilku ta\u0144szych alternatyw &#8211; jest jednym z dro\u017cszych urz\u0105dze\u0144 przy zakupie wyposa\u017cenia. W tym artykule postaram si\u0119 odpowiedzie\u0107 na pytanie jak\u0105 lod\u00f3wk\u0119 warto wybra\u0107 do zabudowy kampera i dlaczego. Opisz\u0119 r\u00f3wnie\u017c w jaki spos\u00f3b nam uda\u0142o si\u0119 zaoszcz\u0119dzi\u0107 na zakupie, nie id\u0105c na kompromis w zakresie jako\u015bci.<\/strong><\/p>\n\n\n\n<h4 class=\"wp-block-heading\"><strong>Dost\u0119pne rozwi\u0105zania<\/strong><\/h4>\n\n\n\n<p>Wasz wyb\u00f3r najprawdopodobniej b\u0119dzie ogranicza\u0142 si\u0119 do dw\u00f3ch opcji, kt\u00f3re u markowych producent\u00f3w typu Dometic\/Waeco, Thetford s\u0105 dost\u0119pne w poni\u017cszych przedzia\u0142ach cenowych:<br><br><strong>1. Lod\u00f3wka absorpcyjna &#8211;<\/strong> popularna ch\u0142odziarka, elektryczno-gazowa <strong>900 &#8211; 2.000 z\u0142<\/strong><br><strong><br>2. Lod\u00f3wka kompresorowa  &#8211; <\/strong>najdro\u017csza opcja, wy\u0142\u0105cznie elektryczna <strong>2.000 &#8211; 4.000 z\u0142<\/strong><br><br>Istniej\u0105 r\u00f3wnie\u017c alternatywy, w przypadku ograniczonego bud\u017cetu lub jako tymczasowe rozwi\u0105zanie:<br><br><strong>3. Lod\u00f3wka turystyczna<\/strong> &#8211; produkt marketowy, ma\u0142o wydajny energetycznie (na postoju szybko roz\u0142aduje Wam akumulator). Dzia\u0142a na bazie tzw. ogniwa Peltiera (z radiatorem i wiatraczkiem) <strong>100 -250 z\u0142<\/strong><br><br><strong>4. Pojemnik termoizolacyjny<\/strong> &#8211; dobrze izolowana skrzynka w kt\u00f3rej opr\u00f3cz produkt\u00f3w spo\u017cywczych w celu obni\u017cenia\/utrzymania temperatury trzymacie l\u00f3d, albo mro\u017cone wk\u0142ady <strong>80 &#8211; 150 z\u0142<\/strong><\/p>\n\n\n\n<figure class=\"wp-block-image\"><img loading=\"lazy\" decoding=\"async\" width=\"1024\" height=\"823\" src=\"http:\/\/vandalvan.com\/wp-content\/uploads\/2019\/11\/lodowki-1024x823.jpg\" alt=\"\" class=\"wp-image-280\" srcset=\"https:\/\/vandalvan.com\/wp-content\/uploads\/2019\/11\/lodowki-1024x823.jpg 1024w, https:\/\/vandalvan.com\/wp-content\/uploads\/2019\/11\/lodowki-350x281.jpg 350w, https:\/\/vandalvan.com\/wp-content\/uploads\/2019\/11\/lodowki-300x241.jpg 300w, https:\/\/vandalvan.com\/wp-content\/uploads\/2019\/11\/lodowki-768x618.jpg 768w, https:\/\/vandalvan.com\/wp-content\/uploads\/2019\/11\/lodowki.jpg 1470w\" sizes=\"auto, (max-width: 706px) 89vw, (max-width: 767px) 82vw, 740px\" \/><\/figure>\n\n\n\n<h4 class=\"wp-block-heading\"><strong>Jak dzia\u0142a lod\u00f3wka kompresorowa i absorpcyjna &#8211; co warto wybra\u0107?<\/strong><\/h4>\n\n\n\n<p>\u017beby dobrze wybra\u0107 warto zada\u0107 sobie pytanie o mechanizm dzia\u0142ania obu urz\u0105dze\u0144 oraz potencjalne problemy z tym zwi\u0105zane.<br><br>W najwi\u0119kszym uproszczeniu <strong>dzia\u0142anie lod\u00f3wki kompresorowej<\/strong> polega na mechanicznym spr\u0119\u017caniu i wprowadzeniu w obieg gazu odpowiadaj\u0105cego za ch\u0142odzenie. Wszystko odbywa si\u0119 w zamkni\u0119tym uk\u0142adzie. Pr\u0105d elektryczny zamieniany jest na prac\u0119 spr\u0119\u017carki i zu\u017cywany jest w momencie kiedy nale\u017cy uruchomi\u0107 obieg w celu obni\u017cenia temperatury. W przypadku potencjalnej awarii spr\u0119\u017carki, lod\u00f3wka po prostu przestanie nam dzia\u0142a\u0107.<\/p>\n\n\n\n<p>W <strong>lod\u00f3wkach absorpcyjnych<\/strong> czynnik ch\u0142odniczy kr\u0105\u017cy w uk\u0142adzie poprzez podgrzewanie, a temperatura dostarczana jest poprzez palnik gazowy lub alternatywnie grza\u0142k\u0119 elektryczn\u0105.&nbsp;Grza\u0142ka elektryczna zu\u017cywa jednak stosunkowo du\u017co energii wi\u0119c najcz\u0119\u015bciej u\u017cywany jest gaz. W przypadku uszkodzenia instalacji (rozszczelnienia) lub problem\u00f3w z odprowadzeniem nadmiaru ciep\u0142a p\u0142omie\u0144 w skrajnych przypadkach mo\u017ce spowodowa\u0107 po\u017car. Oczywi\u015bcie, taka sytuacja na 99% nie nast\u0105pi &#8211; nie zmienia to jednak faktu, \u017ce takie przypadki s\u0105 odnotywane <a rel=\"noreferrer noopener\" href=\"https:\/\/www.consumeraffairs.com\/news\/class-action-targets-rv-refrigerator-fires-042216.html\" target=\"_blank\">(przeczytaj artyku\u0142<\/a>), a lod\u00f3wki tego typu s\u0105 obecnie rzadko stosowane w kamperach.<br><br>Bior\u0105c pod uwag\u0119 powy\u017csze, \u017ceby spa\u0107 spokojnie, warto wybra\u0107 dro\u017csz\u0105 lod\u00f3wk\u0119 kompresorow\u0105, tym bardziej \u017ce jej zakup wcale nie musi wi\u0105za\u0107 si\u0119 z wydatkiem rz\u0119du 3 tysi\u0119cy z\u0142.<\/p>\n\n\n\n<h4 class=\"wp-block-heading\"><strong>Lod\u00f3wka otwierana od frontu, do g\u00f3ry czy szufladowa<\/strong><\/h4>\n\n\n\n<p>Otwieranie od frontu lod\u00f3wki, jak w naszych mieszkaniach, wydaje si\u0119 najbardziej atrakcyjnym rozwi\u0105zaniem &#8211; produkty s\u0105 dobrze dost\u0119pne i wyeksponowane. Bior\u0105c jednak pod uwag\u0119 zapotrzebowanie energetyczne co najwa\u017cniejsze w kampingu, lod\u00f3wki takiej najszybciej wytracaj\u0105 nisk\u0105 temperatur\u0119 &#8211; otwarcie drzwi powoduje wymian\u0119 powietrza. <\/p>\n\n\n\n<p>Dlatego pod tym k\u0105tem najlepiej sprawdzaj\u0105 si\u0119 lod\u00f3wki z otwarciem g\u00f3rnym &#8211; zimne powietrze zostaje na dole, a przy otwarciu wymiana temperatur jest ograniczona. Oczywi\u015bcie wyb\u00f3r lod\u00f3wki to kwestia ergonomii wn\u0119trza i aran\u017cacji &#8211; warto jednak wzi\u0105\u0107 r\u00f3wnie\u017c pod uwag\u0119 zasady fizyki.<\/p>\n\n\n\n<figure class=\"wp-block-image size-full\"><a href=\"https:\/\/vanclan.pl\/\"><img loading=\"lazy\" decoding=\"async\" width=\"1000\" height=\"400\" src=\"https:\/\/vandalvan.com\/wp-content\/uploads\/2024\/11\/Poznaj-VANClan-spolecznosc.png\" alt=\"\" class=\"wp-image-2502\" srcset=\"https:\/\/vandalvan.com\/wp-content\/uploads\/2024\/11\/Poznaj-VANClan-spolecznosc.png 1000w, https:\/\/vandalvan.com\/wp-content\/uploads\/2024\/11\/Poznaj-VANClan-spolecznosc-300x120.png 300w, https:\/\/vandalvan.com\/wp-content\/uploads\/2024\/11\/Poznaj-VANClan-spolecznosc-768x307.png 768w, https:\/\/vandalvan.com\/wp-content\/uploads\/2024\/11\/Poznaj-VANClan-spolecznosc-350x140.png 350w\" sizes=\"auto, (max-width: 706px) 89vw, (max-width: 767px) 82vw, 740px\" \/><\/a><\/figure>\n\n\n\n<div class=\"wp-block-buttons is-content-justification-center is-layout-flex wp-container-core-buttons-is-layout-28206b41 wp-block-buttons-is-layout-flex\">\n<div class=\"wp-block-button has-custom-width wp-block-button__width-50 has-custom-font-size has-small-font-size\"><a class=\"wp-block-button__link has-vivid-cyan-blue-background-color has-background wp-element-button\" href=\"https:\/\/vanclan.pl\/\"><strong>VANClan &#8211; zobacz wi\u0119cej<\/strong><\/a><\/div>\n<\/div>\n\n\n\n<h4 class=\"wp-block-heading\"><strong>Zabudowa lod\u00f3wki szufladowej<\/strong><\/h4>\n\n\n\n<p>W naszej zabudowie lod\u00f3wk\u0119 zamontowali\u015bmy bezpo\u015brednio pod \u0142\u00f3\u017ckiem, maskuj\u0105c j\u0105 przykr\u0119conym frontem meblowym. Umiejscowienie lod\u00f3wki jest do\u015b\u0107 wygodne &#8211; przy pracy w strefie kuchennej &#8211; wystarczy si\u0119 obr\u00f3ci\u0107 i wyci\u0105gn\u0105\u0107 z zimnej szuflady co trzeba. Lod\u00f3wka pomimo niezbyt imponuj\u0105cej obj\u0119to\u015bci 30l jest bardzo pojemna i pozwala na pe\u0142ne wykorzystanie przestrzeni, w kt\u00f3rej zmie\u015bcimy ca\u0142kiem spore zakupy<\/p>\n\n\n\n<figure class=\"wp-block-image\"><img loading=\"lazy\" decoding=\"async\" width=\"825\" height=\"1024\" src=\"http:\/\/vandalvan.com\/wp-content\/uploads\/2019\/11\/lod2-825x1024.jpg\" alt=\"lodowka kamper\" class=\"wp-image-282\" srcset=\"https:\/\/vandalvan.com\/wp-content\/uploads\/2019\/11\/lod2-825x1024.jpg 825w, https:\/\/vandalvan.com\/wp-content\/uploads\/2019\/11\/lod2-350x434.jpg 350w, https:\/\/vandalvan.com\/wp-content\/uploads\/2019\/11\/lod2-242x300.jpg 242w, https:\/\/vandalvan.com\/wp-content\/uploads\/2019\/11\/lod2-768x953.jpg 768w\" sizes=\"auto, (max-width: 706px) 89vw, (max-width: 767px) 82vw, 740px\" \/><figcaption class=\"wp-element-caption\">Lod\u00f3wka zabudowana w szufladzie pod \u0142\u00f3\u017ckiem<\/figcaption><\/figure>\n\n\n\n<p><strong>Dzi\u0119kujemy za przeczytanie tego artyku\u0142u i zapraszamy do pozosta\u0142ych wpis\u00f3w z cyklu <\/strong><a href=\"http:\/\/vandalvan.com\/index.php\/2019\/08\/29\/budowa-kampera-campervan\/\"><strong>Budowa kampera &#8211; od blaszaka do domu na ko\u0142ach<\/strong><\/a><\/p>\n\n\n\n<p>Artyku\u0142y z serii:<br>&#8211; <a href=\"http:\/\/vandalvan.com\/index.php\/2019\/09\/06\/budowa-kampera-jaki-samochod-wybrac\/\">Wyb\u00f3r samochodu<\/a><br>&#8211; <a href=\"http:\/\/vandalvan.com\/index.php\/2019\/09\/15\/izolacja-w-kamperze\/\">Izolacja<\/a><br>&#8211; <a href=\"http:\/\/vandalvan.com\/index.php\/2019\/09\/22\/okna-do-kampera-jakie-zastosowac-i-jakie-sa-koszty\/\">Okna do kampera<\/a><br>&#8211; <a href=\"http:\/\/vandalvan.com\/index.php\/2019\/10\/01\/solary-do-kampera\/\">Panele solarne do kampera<\/a><br>&#8211; <a href=\"http:\/\/vandalvan.com\/index.php\/2019\/10\/16\/instalacja-elektryczna-w-kamperze\/\">Instalacja elektryczna w kamperze<\/a><br>&#8211; <a href=\"http:\/\/vandalvan.com\/index.php\/2019\/11\/11\/lodowka-do-kampera\/\">Lod\u00f3wka do kampera<\/a><br>&#8211; <a href=\"http:\/\/vandalvan.com\/index.php\/2019\/12\/12\/instalacja-wodna-w-kamperze\/\">Instalacja wodna<\/a><br>&#8211; <a href=\"https:\/\/vandalvan.com\/index.php\/2020\/01\/09\/instalacja-gazowa-w-kamperze\/\">Instalacja gazowa<\/a><br>&#8211; <a href=\"https:\/\/vandalvan.com\/index.php\/2020\/01\/23\/ogrzewanie-w-kamperze\/\">Ogrzewanie <\/a><br>&#8211; <a href=\"https:\/\/vandalvan.com\/index.php\/2020\/02\/06\/meble-do-kampera\/\">Meble do kampera<\/a><br>&#8211; <a href=\"http:\/\/vandalvan.com\/index.php\/2020\/02\/25\/przerobka-busa-na-kampera\/\">Przer\u00f3bka busa na kampera &#8211; przepisy<\/a> &nbsp;<br>&#8211; <a aria-label=\"Ile kosztuje budowa kampera \u2013 bud\u017cet projektu   (opens in a new tab)\" href=\"https:\/\/vandalvan.com\/index.php\/2020\/04\/08\/ile-kosztuje-budowa-kampera\/\" target=\"_blank\" rel=\"noreferrer noopener\">Ile kosztuje budowa kampera \u2013 bud\u017cet projektu  <\/a><\/p>\n\n\n\n<p><strong>Je\u017celi chcesz by\u0107 na bie\u017c\u0105co zapraszamy do obserwowania naszego <\/strong><a href=\"https:\/\/www.instagram.com\/vandal.van\/\"><strong>Instagrama<\/strong><\/a><strong> \/ <a aria-label=\" (opens in a new tab)\" rel=\"noreferrer noopener\" href=\"https:\/\/www.facebook.com\/vandalvancom\" target=\"_blank\">Facebooka <\/a>lub zapisania si\u0119 do <\/strong><a href=\"http:\/\/vandalvan.com\/index.php\/newsletter\/\"><strong>newslettera<\/strong><\/a><\/p>\n\n\n\n<blockquote class=\"instagram-media\" data-instgrm-permalink=\"https:\/\/www.instagram.com\/p\/ByxDXJeIES5\/?utm_source=ig_embed&amp;utm_campaign=loading\" data-instgrm-version=\"12\" style=\" background:#FFF; border:0; border-radius:3px; box-shadow:0 0 1px 0 rgba(0,0,0,0.5),0 1px 10px 0 rgba(0,0,0,0.15); margin: 1px; max-width:540px; min-width:326px; padding:0; width:99.375%; width:-webkit-calc(100% - 2px); width:calc(100% - 2px);\"><div style=\"padding:16px;\"> <a href=\"https:\/\/www.instagram.com\/p\/ByxDXJeIES5\/?utm_source=ig_embed&amp;utm_campaign=loading\" style=\" background:#FFFFFF; line-height:0; padding:0 0; text-align:center; text-decoration:none; width:100%;\" target=\"_blank\" rel=\"noopener noreferrer\"> <div style=\" display: flex; flex-direction: row; align-items: center;\"> <div style=\"background-color: #F4F4F4; border-radius: 50%; flex-grow: 0; height: 40px; margin-right: 14px; width: 40px;\"><\/div> <div style=\"display: flex; flex-direction: column; flex-grow: 1; justify-content: center;\"> <div style=\" background-color: #F4F4F4; border-radius: 4px; flex-grow: 0; height: 14px; margin-bottom: 6px; width: 100px;\"><\/div> <div style=\" background-color: #F4F4F4; border-radius: 4px; flex-grow: 0; height: 14px; width: 60px;\"><\/div><\/div><\/div><div style=\"padding: 19% 0;\"><\/div> <div style=\"display:block; height:50px; margin:0 auto 12px; width:50px;\"><svg width=\"50px\" height=\"50px\" viewBox=\"0 0 60 60\" version=\"1.1\" xmlns=\"https:\/\/www.w3.org\/2000\/svg\" xmlns:xlink=\"https:\/\/www.w3.org\/1999\/xlink\"><g stroke=\"none\" stroke-width=\"1\" fill=\"none\" fill-rule=\"evenodd\"><g transform=\"translate(-511.000000, -20.000000)\" fill=\"#000000\"><g><path d=\"M556.869,30.41 C554.814,30.41 553.148,32.076 553.148,34.131 C553.148,36.186 554.814,37.852 556.869,37.852 C558.924,37.852 560.59,36.186 560.59,34.131 C560.59,32.076 558.924,30.41 556.869,30.41 M541,60.657 C535.114,60.657 530.342,55.887 530.342,50 C530.342,44.114 535.114,39.342 541,39.342 C546.887,39.342 551.658,44.114 551.658,50 C551.658,55.887 546.887,60.657 541,60.657 M541,33.886 C532.1,33.886 524.886,41.1 524.886,50 C524.886,58.899 532.1,66.113 541,66.113 C549.9,66.113 557.115,58.899 557.115,50 C557.115,41.1 549.9,33.886 541,33.886 M565.378,62.101 C565.244,65.022 564.756,66.606 564.346,67.663 C563.803,69.06 563.154,70.057 562.106,71.106 C561.058,72.155 560.06,72.803 558.662,73.347 C557.607,73.757 556.021,74.244 553.102,74.378 C549.944,74.521 548.997,74.552 541,74.552 C533.003,74.552 532.056,74.521 528.898,74.378 C525.979,74.244 524.393,73.757 523.338,73.347 C521.94,72.803 520.942,72.155 519.894,71.106 C518.846,70.057 518.197,69.06 517.654,67.663 C517.244,66.606 516.755,65.022 516.623,62.101 C516.479,58.943 516.448,57.996 516.448,50 C516.448,42.003 516.479,41.056 516.623,37.899 C516.755,34.978 517.244,33.391 517.654,32.338 C518.197,30.938 518.846,29.942 519.894,28.894 C520.942,27.846 521.94,27.196 523.338,26.654 C524.393,26.244 525.979,25.756 528.898,25.623 C532.057,25.479 533.004,25.448 541,25.448 C548.997,25.448 549.943,25.479 553.102,25.623 C556.021,25.756 557.607,26.244 558.662,26.654 C560.06,27.196 561.058,27.846 562.106,28.894 C563.154,29.942 563.803,30.938 564.346,32.338 C564.756,33.391 565.244,34.978 565.378,37.899 C565.522,41.056 565.552,42.003 565.552,50 C565.552,57.996 565.522,58.943 565.378,62.101 M570.82,37.631 C570.674,34.438 570.167,32.258 569.425,30.349 C568.659,28.377 567.633,26.702 565.965,25.035 C564.297,23.368 562.623,22.342 560.652,21.575 C558.743,20.834 556.562,20.326 553.369,20.18 C550.169,20.033 549.148,20 541,20 C532.853,20 531.831,20.033 528.631,20.18 C525.438,20.326 523.257,20.834 521.349,21.575 C519.376,22.342 517.703,23.368 516.035,25.035 C514.368,26.702 513.342,28.377 512.574,30.349 C511.834,32.258 511.326,34.438 511.181,37.631 C511.035,40.831 511,41.851 511,50 C511,58.147 511.035,59.17 511.181,62.369 C511.326,65.562 511.834,67.743 512.574,69.651 C513.342,71.625 514.368,73.296 516.035,74.965 C517.703,76.634 519.376,77.658 521.349,78.425 C523.257,79.167 525.438,79.673 528.631,79.82 C531.831,79.965 532.853,80.001 541,80.001 C549.148,80.001 550.169,79.965 553.369,79.82 C556.562,79.673 558.743,79.167 560.652,78.425 C562.623,77.658 564.297,76.634 565.965,74.965 C567.633,73.296 568.659,71.625 569.425,69.651 C570.167,67.743 570.674,65.562 570.82,62.369 C570.966,59.17 571,58.147 571,50 C571,41.851 570.966,40.831 570.82,37.631\"><\/path><\/g><\/g><\/g><\/svg><\/div><div style=\"padding-top: 8px;\"> <div style=\" color:#3897f0; font-family:Arial,sans-serif; font-size:14px; font-style:normal; font-weight:550; line-height:18px;\"> Wy\u015bwietl ten post na Instagramie.<\/div><\/div><div style=\"padding: 12.5% 0;\"><\/div> <div style=\"display: flex; flex-direction: row; margin-bottom: 14px; align-items: center;\"><div> <div style=\"background-color: #F4F4F4; border-radius: 50%; height: 12.5px; width: 12.5px; transform: translateX(0px) translateY(7px);\"><\/div> <div style=\"background-color: #F4F4F4; height: 12.5px; transform: rotate(-45deg) translateX(3px) translateY(1px); width: 12.5px; flex-grow: 0; margin-right: 14px; margin-left: 2px;\"><\/div> <div style=\"background-color: #F4F4F4; border-radius: 50%; height: 12.5px; width: 12.5px; transform: translateX(9px) translateY(-18px);\"><\/div><\/div><div style=\"margin-left: 8px;\"> <div style=\" background-color: #F4F4F4; border-radius: 50%; flex-grow: 0; height: 20px; width: 20px;\"><\/div> <div style=\" width: 0; height: 0; border-top: 2px solid transparent; border-left: 6px solid #f4f4f4; border-bottom: 2px solid transparent; transform: translateX(16px) translateY(-4px) rotate(30deg)\"><\/div><\/div><div style=\"margin-left: auto;\"> <div style=\" width: 0px; border-top: 8px solid #F4F4F4; border-right: 8px solid transparent; transform: translateY(16px);\"><\/div> <div style=\" background-color: #F4F4F4; flex-grow: 0; height: 12px; width: 16px; transform: translateY(-4px);\"><\/div> <div style=\" width: 0; height: 0; border-top: 8px solid #F4F4F4; border-left: 8px solid transparent; transform: translateY(-4px) translateX(8px);\"><\/div><\/div><\/div> <div style=\"display: flex; flex-direction: column; flex-grow: 1; justify-content: center; margin-bottom: 24px;\"> <div style=\" background-color: #F4F4F4; border-radius: 4px; flex-grow: 0; height: 14px; margin-bottom: 6px; width: 224px;\"><\/div> <div style=\" background-color: #F4F4F4; border-radius: 4px; flex-grow: 0; height: 14px; width: 144px;\"><\/div><\/div><\/a><p style=\" color:#c9c8cd; font-family:Arial,sans-serif; font-size:14px; line-height:17px; margin-bottom:0; margin-top:8px; overflow:hidden; padding:8px 0 7px; text-align:center; text-overflow:ellipsis; white-space:nowrap;\"><a href=\"https:\/\/www.instagram.com\/p\/ByxDXJeIES5\/?utm_source=ig_embed&amp;utm_campaign=loading\" style=\" color:#c9c8cd; font-family:Arial,sans-serif; font-size:14px; font-style:normal; font-weight:normal; line-height:17px; text-decoration:none;\" target=\"_blank\" rel=\"noopener noreferrer\">Post udost\u0119pniony przez VANDAL Family Campervan \ud83c\udf0d (@vandal.van)<\/a> <time style=\" font-family:Arial,sans-serif; font-size:14px; line-height:17px;\" datetime=\"2019-06-16T09:58:07+00:00\">Cze 16, 2019 o 2:58 PDT<\/time><\/p><\/div><\/blockquote> <script async=\"\" src=\"\/\/www.instagram.com\/embed.js\"><\/script>\n","protected":false},"excerpt":{"rendered":"<p>Lod\u00f3wka do kampera daje ogromny komfort &#8211; pomimo dost\u0119pno\u015bci kilku ta\u0144szych alternatyw &#8211; jest jednym z dro\u017cszych urz\u0105dze\u0144 przy zakupie wyposa\u017cenia. W tym artykule postaram si\u0119 odpowiedzie\u0107 na pytanie jak\u0105 lod\u00f3wk\u0119 warto wybra\u0107 do zabudowy kampera i dlaczego. Opisz\u0119 r\u00f3wnie\u017c w jaki spos\u00f3b nam uda\u0142o si\u0119 zaoszcz\u0119dzi\u0107 na zakupie, nie id\u0105c na kompromis w zakresie &hellip; <\/p>\n<p class=\"link-more\"><a href=\"https:\/\/vandalvan.com\/index.php\/2019\/11\/11\/lodowka-do-kampera\/\" class=\"more-link\">Czytaj dalej<span class=\"screen-reader-text\"> \u201eLod\u00f3wka do kampera\u201d<\/span><\/a><\/p>\n","protected":false},"author":1,"featured_media":0,"comment_status":"open","ping_status":"open","sticky":false,"template":"","format":"standard","meta":{"footnotes":""},"categories":[22],"tags":[4,5,52,49,53,51,54,50],"class_list":["post-278","post","type-post","status-publish","format-standard","hentry","category-budowa-kampera","tag-budowa-campervana","tag-budowa-kampera","tag-lodowka-absorbcyjna","tag-lodowka-do-kampera","tag-lodowka-kompresorowa","tag-lodowka-sprezarkowa","tag-lodowka-turystyczna","tag-lodowka-w-kamperze"],"yoast_head":"<!-- This site is optimized with the Yoast SEO plugin v26.8 - https:\/\/yoast.com\/product\/yoast-seo-wordpress\/ -->\n<title>Lod\u00f3wka do kampera - VANDALVAN<\/title>\n<meta name=\"description\" content=\"Lod\u00f3wka do kampera - jak\u0105 lod\u00f3wk\u0119 wybra\u0107 do zabudowy? Czym r\u00f3\u017cni si\u0119 lod\u00f3wka absorpcyjna czy kompresorowej? Artuku\u0142 w ramach serii jak zbudowa\u0107 kampera\" \/>\n<meta name=\"robots\" content=\"index, follow, max-snippet:-1, max-image-preview:large, max-video-preview:-1\" \/>\n<link rel=\"canonical\" href=\"https:\/\/vandalvan.com\/index.php\/2019\/11\/11\/lodowka-do-kampera\/\" \/>\n<meta property=\"og:locale\" content=\"pl_PL\" \/>\n<meta property=\"og:type\" content=\"article\" \/>\n<meta property=\"og:title\" content=\"Lod\u00f3wka do kampera - VANDALVAN\" \/>\n<meta property=\"og:description\" content=\"Lod\u00f3wka do kampera - jak\u0105 lod\u00f3wk\u0119 wybra\u0107 do zabudowy? Czym r\u00f3\u017cni si\u0119 lod\u00f3wka absorpcyjna czy kompresorowej? Artuku\u0142 w ramach serii jak zbudowa\u0107 kampera\" \/>\n<meta property=\"og:url\" content=\"https:\/\/vandalvan.com\/index.php\/2019\/11\/11\/lodowka-do-kampera\/\" \/>\n<meta property=\"og:site_name\" content=\"VANDALVAN\" \/>\n<meta property=\"article:published_time\" content=\"2019-11-11T20:07:10+00:00\" \/>\n<meta property=\"article:modified_time\" content=\"2024-11-20T17:32:59+00:00\" \/>\n<meta property=\"og:image\" content=\"https:\/\/vandalvan.com\/wp-content\/uploads\/2019\/11\/lodowki.jpg\" \/>\n\t<meta property=\"og:image:width\" content=\"1470\" \/>\n\t<meta property=\"og:image:height\" content=\"1182\" \/>\n\t<meta property=\"og:image:type\" content=\"image\/jpeg\" \/>\n<meta name=\"author\" content=\"Rafa\u0142 Wajer\" \/>\n<meta name=\"twitter:card\" content=\"summary_large_image\" \/>\n<meta name=\"twitter:label1\" content=\"Napisane przez\" \/>\n\t<meta name=\"twitter:data1\" content=\"Rafa\u0142 Wajer\" \/>\n\t<meta name=\"twitter:label2\" content=\"Szacowany czas czytania\" \/>\n\t<meta name=\"twitter:data2\" content=\"4 minuty\" \/>\n<script type=\"application\/ld+json\" class=\"yoast-schema-graph\">{\"@context\":\"https:\/\/schema.org\",\"@graph\":[{\"@type\":\"Article\",\"@id\":\"https:\/\/vandalvan.com\/index.php\/2019\/11\/11\/lodowka-do-kampera\/#article\",\"isPartOf\":{\"@id\":\"https:\/\/vandalvan.com\/index.php\/2019\/11\/11\/lodowka-do-kampera\/\"},\"author\":{\"name\":\"Rafa\u0142 Wajer\",\"@id\":\"https:\/\/vandalvan.com\/#\/schema\/person\/cb50370d62a9fe37908560b78a0b67cc\"},\"headline\":\"Lod\u00f3wka do kampera\",\"datePublished\":\"2019-11-11T20:07:10+00:00\",\"dateModified\":\"2024-11-20T17:32:59+00:00\",\"mainEntityOfPage\":{\"@id\":\"https:\/\/vandalvan.com\/index.php\/2019\/11\/11\/lodowka-do-kampera\/\"},\"wordCount\":761,\"commentCount\":6,\"publisher\":{\"@id\":\"https:\/\/vandalvan.com\/#organization\"},\"image\":{\"@id\":\"https:\/\/vandalvan.com\/index.php\/2019\/11\/11\/lodowka-do-kampera\/#primaryimage\"},\"thumbnailUrl\":\"http:\/\/vandalvan.com\/wp-content\/uploads\/2019\/11\/lodowki-1024x823.jpg\",\"keywords\":[\"budowa campervana\",\"budowa kampera\",\"lod\u00f3wka absorbcyjna\",\"lod\u00f3wka do kampera\",\"lod\u00f3wka kompresorowa\",\"lod\u00f3wka spr\u0119\u017carkowa\",\"lod\u00f3wka turystyczna\",\"lod\u00f3wka w kamperze\"],\"articleSection\":[\"Budowa kampera\"],\"inLanguage\":\"pl-PL\",\"potentialAction\":[{\"@type\":\"CommentAction\",\"name\":\"Comment\",\"target\":[\"https:\/\/vandalvan.com\/index.php\/2019\/11\/11\/lodowka-do-kampera\/#respond\"]}]},{\"@type\":\"WebPage\",\"@id\":\"https:\/\/vandalvan.com\/index.php\/2019\/11\/11\/lodowka-do-kampera\/\",\"url\":\"https:\/\/vandalvan.com\/index.php\/2019\/11\/11\/lodowka-do-kampera\/\",\"name\":\"Lod\u00f3wka do kampera - VANDALVAN\",\"isPartOf\":{\"@id\":\"https:\/\/vandalvan.com\/#website\"},\"primaryImageOfPage\":{\"@id\":\"https:\/\/vandalvan.com\/index.php\/2019\/11\/11\/lodowka-do-kampera\/#primaryimage\"},\"image\":{\"@id\":\"https:\/\/vandalvan.com\/index.php\/2019\/11\/11\/lodowka-do-kampera\/#primaryimage\"},\"thumbnailUrl\":\"http:\/\/vandalvan.com\/wp-content\/uploads\/2019\/11\/lodowki-1024x823.jpg\",\"datePublished\":\"2019-11-11T20:07:10+00:00\",\"dateModified\":\"2024-11-20T17:32:59+00:00\",\"description\":\"Lod\u00f3wka do kampera - jak\u0105 lod\u00f3wk\u0119 wybra\u0107 do zabudowy? Czym r\u00f3\u017cni si\u0119 lod\u00f3wka absorpcyjna czy kompresorowej? Artuku\u0142 w ramach serii jak zbudowa\u0107 kampera\",\"breadcrumb\":{\"@id\":\"https:\/\/vandalvan.com\/index.php\/2019\/11\/11\/lodowka-do-kampera\/#breadcrumb\"},\"inLanguage\":\"pl-PL\",\"potentialAction\":[{\"@type\":\"ReadAction\",\"target\":[\"https:\/\/vandalvan.com\/index.php\/2019\/11\/11\/lodowka-do-kampera\/\"]}]},{\"@type\":\"ImageObject\",\"inLanguage\":\"pl-PL\",\"@id\":\"https:\/\/vandalvan.com\/index.php\/2019\/11\/11\/lodowka-do-kampera\/#primaryimage\",\"url\":\"https:\/\/vandalvan.com\/wp-content\/uploads\/2019\/11\/lodowki.jpg\",\"contentUrl\":\"https:\/\/vandalvan.com\/wp-content\/uploads\/2019\/11\/lodowki.jpg\",\"width\":1470,\"height\":1182},{\"@type\":\"BreadcrumbList\",\"@id\":\"https:\/\/vandalvan.com\/index.php\/2019\/11\/11\/lodowka-do-kampera\/#breadcrumb\",\"itemListElement\":[{\"@type\":\"ListItem\",\"position\":1,\"name\":\"Strona g\u0142\u00f3wna\",\"item\":\"https:\/\/vandalvan.com\/\"},{\"@type\":\"ListItem\",\"position\":2,\"name\":\"Lod\u00f3wka do kampera\"}]},{\"@type\":\"WebSite\",\"@id\":\"https:\/\/vandalvan.com\/#website\",\"url\":\"https:\/\/vandalvan.com\/\",\"name\":\"VANDALVAN\",\"description\":\"Feels like home\",\"publisher\":{\"@id\":\"https:\/\/vandalvan.com\/#organization\"},\"potentialAction\":[{\"@type\":\"SearchAction\",\"target\":{\"@type\":\"EntryPoint\",\"urlTemplate\":\"https:\/\/vandalvan.com\/?s={search_term_string}\"},\"query-input\":{\"@type\":\"PropertyValueSpecification\",\"valueRequired\":true,\"valueName\":\"search_term_string\"}}],\"inLanguage\":\"pl-PL\"},{\"@type\":\"Organization\",\"@id\":\"https:\/\/vandalvan.com\/#organization\",\"name\":\"VANDALVAN\",\"url\":\"https:\/\/vandalvan.com\/\",\"logo\":{\"@type\":\"ImageObject\",\"inLanguage\":\"pl-PL\",\"@id\":\"https:\/\/vandalvan.com\/#\/schema\/logo\/image\/\",\"url\":\"https:\/\/vandalvan.com\/wp-content\/uploads\/2022\/08\/cropped-VANDALVAN-logo-haslo_biale.png\",\"contentUrl\":\"https:\/\/vandalvan.com\/wp-content\/uploads\/2022\/08\/cropped-VANDALVAN-logo-haslo_biale.png\",\"width\":631,\"height\":250,\"caption\":\"VANDALVAN\"},\"image\":{\"@id\":\"https:\/\/vandalvan.com\/#\/schema\/logo\/image\/\"}},{\"@type\":\"Person\",\"@id\":\"https:\/\/vandalvan.com\/#\/schema\/person\/cb50370d62a9fe37908560b78a0b67cc\",\"name\":\"Rafa\u0142 Wajer\",\"image\":{\"@type\":\"ImageObject\",\"inLanguage\":\"pl-PL\",\"@id\":\"https:\/\/vandalvan.com\/#\/schema\/person\/image\/\",\"url\":\"https:\/\/secure.gravatar.com\/avatar\/d3163c7aed60d8d09b0d5c079189533621fa1aa21c1d90c89fc4d58f964088ca?s=96&d=mm&r=g\",\"contentUrl\":\"https:\/\/secure.gravatar.com\/avatar\/d3163c7aed60d8d09b0d5c079189533621fa1aa21c1d90c89fc4d58f964088ca?s=96&d=mm&r=g\",\"caption\":\"Rafa\u0142 Wajer\"},\"url\":\"https:\/\/vandalvan.com\/index.php\/author\/rwajer08\/\"}]}<\/script>\n<!-- \/ Yoast SEO plugin. -->","yoast_head_json":{"title":"Lod\u00f3wka do kampera - VANDALVAN","description":"Lod\u00f3wka do kampera - jak\u0105 lod\u00f3wk\u0119 wybra\u0107 do zabudowy? Czym r\u00f3\u017cni si\u0119 lod\u00f3wka absorpcyjna czy kompresorowej? Artuku\u0142 w ramach serii jak zbudowa\u0107 kampera","robots":{"index":"index","follow":"follow","max-snippet":"max-snippet:-1","max-image-preview":"max-image-preview:large","max-video-preview":"max-video-preview:-1"},"canonical":"https:\/\/vandalvan.com\/index.php\/2019\/11\/11\/lodowka-do-kampera\/","og_locale":"pl_PL","og_type":"article","og_title":"Lod\u00f3wka do kampera - VANDALVAN","og_description":"Lod\u00f3wka do kampera - jak\u0105 lod\u00f3wk\u0119 wybra\u0107 do zabudowy? Czym r\u00f3\u017cni si\u0119 lod\u00f3wka absorpcyjna czy kompresorowej? Artuku\u0142 w ramach serii jak zbudowa\u0107 kampera","og_url":"https:\/\/vandalvan.com\/index.php\/2019\/11\/11\/lodowka-do-kampera\/","og_site_name":"VANDALVAN","article_published_time":"2019-11-11T20:07:10+00:00","article_modified_time":"2024-11-20T17:32:59+00:00","og_image":[{"width":1470,"height":1182,"url":"https:\/\/vandalvan.com\/wp-content\/uploads\/2019\/11\/lodowki.jpg","type":"image\/jpeg"}],"author":"Rafa\u0142 Wajer","twitter_card":"summary_large_image","twitter_misc":{"Napisane przez":"Rafa\u0142 Wajer","Szacowany czas czytania":"4 minuty"},"schema":{"@context":"https:\/\/schema.org","@graph":[{"@type":"Article","@id":"https:\/\/vandalvan.com\/index.php\/2019\/11\/11\/lodowka-do-kampera\/#article","isPartOf":{"@id":"https:\/\/vandalvan.com\/index.php\/2019\/11\/11\/lodowka-do-kampera\/"},"author":{"name":"Rafa\u0142 Wajer","@id":"https:\/\/vandalvan.com\/#\/schema\/person\/cb50370d62a9fe37908560b78a0b67cc"},"headline":"Lod\u00f3wka do kampera","datePublished":"2019-11-11T20:07:10+00:00","dateModified":"2024-11-20T17:32:59+00:00","mainEntityOfPage":{"@id":"https:\/\/vandalvan.com\/index.php\/2019\/11\/11\/lodowka-do-kampera\/"},"wordCount":761,"commentCount":6,"publisher":{"@id":"https:\/\/vandalvan.com\/#organization"},"image":{"@id":"https:\/\/vandalvan.com\/index.php\/2019\/11\/11\/lodowka-do-kampera\/#primaryimage"},"thumbnailUrl":"http:\/\/vandalvan.com\/wp-content\/uploads\/2019\/11\/lodowki-1024x823.jpg","keywords":["budowa campervana","budowa kampera","lod\u00f3wka absorbcyjna","lod\u00f3wka do kampera","lod\u00f3wka kompresorowa","lod\u00f3wka spr\u0119\u017carkowa","lod\u00f3wka turystyczna","lod\u00f3wka w kamperze"],"articleSection":["Budowa kampera"],"inLanguage":"pl-PL","potentialAction":[{"@type":"CommentAction","name":"Comment","target":["https:\/\/vandalvan.com\/index.php\/2019\/11\/11\/lodowka-do-kampera\/#respond"]}]},{"@type":"WebPage","@id":"https:\/\/vandalvan.com\/index.php\/2019\/11\/11\/lodowka-do-kampera\/","url":"https:\/\/vandalvan.com\/index.php\/2019\/11\/11\/lodowka-do-kampera\/","name":"Lod\u00f3wka do kampera - VANDALVAN","isPartOf":{"@id":"https:\/\/vandalvan.com\/#website"},"primaryImageOfPage":{"@id":"https:\/\/vandalvan.com\/index.php\/2019\/11\/11\/lodowka-do-kampera\/#primaryimage"},"image":{"@id":"https:\/\/vandalvan.com\/index.php\/2019\/11\/11\/lodowka-do-kampera\/#primaryimage"},"thumbnailUrl":"http:\/\/vandalvan.com\/wp-content\/uploads\/2019\/11\/lodowki-1024x823.jpg","datePublished":"2019-11-11T20:07:10+00:00","dateModified":"2024-11-20T17:32:59+00:00","description":"Lod\u00f3wka do kampera - jak\u0105 lod\u00f3wk\u0119 wybra\u0107 do zabudowy? Czym r\u00f3\u017cni si\u0119 lod\u00f3wka absorpcyjna czy kompresorowej? Artuku\u0142 w ramach serii jak zbudowa\u0107 kampera","breadcrumb":{"@id":"https:\/\/vandalvan.com\/index.php\/2019\/11\/11\/lodowka-do-kampera\/#breadcrumb"},"inLanguage":"pl-PL","potentialAction":[{"@type":"ReadAction","target":["https:\/\/vandalvan.com\/index.php\/2019\/11\/11\/lodowka-do-kampera\/"]}]},{"@type":"ImageObject","inLanguage":"pl-PL","@id":"https:\/\/vandalvan.com\/index.php\/2019\/11\/11\/lodowka-do-kampera\/#primaryimage","url":"https:\/\/vandalvan.com\/wp-content\/uploads\/2019\/11\/lodowki.jpg","contentUrl":"https:\/\/vandalvan.com\/wp-content\/uploads\/2019\/11\/lodowki.jpg","width":1470,"height":1182},{"@type":"BreadcrumbList","@id":"https:\/\/vandalvan.com\/index.php\/2019\/11\/11\/lodowka-do-kampera\/#breadcrumb","itemListElement":[{"@type":"ListItem","position":1,"name":"Strona g\u0142\u00f3wna","item":"https:\/\/vandalvan.com\/"},{"@type":"ListItem","position":2,"name":"Lod\u00f3wka do kampera"}]},{"@type":"WebSite","@id":"https:\/\/vandalvan.com\/#website","url":"https:\/\/vandalvan.com\/","name":"VANDALVAN","description":"Feels like home","publisher":{"@id":"https:\/\/vandalvan.com\/#organization"},"potentialAction":[{"@type":"SearchAction","target":{"@type":"EntryPoint","urlTemplate":"https:\/\/vandalvan.com\/?s={search_term_string}"},"query-input":{"@type":"PropertyValueSpecification","valueRequired":true,"valueName":"search_term_string"}}],"inLanguage":"pl-PL"},{"@type":"Organization","@id":"https:\/\/vandalvan.com\/#organization","name":"VANDALVAN","url":"https:\/\/vandalvan.com\/","logo":{"@type":"ImageObject","inLanguage":"pl-PL","@id":"https:\/\/vandalvan.com\/#\/schema\/logo\/image\/","url":"https:\/\/vandalvan.com\/wp-content\/uploads\/2022\/08\/cropped-VANDALVAN-logo-haslo_biale.png","contentUrl":"https:\/\/vandalvan.com\/wp-content\/uploads\/2022\/08\/cropped-VANDALVAN-logo-haslo_biale.png","width":631,"height":250,"caption":"VANDALVAN"},"image":{"@id":"https:\/\/vandalvan.com\/#\/schema\/logo\/image\/"}},{"@type":"Person","@id":"https:\/\/vandalvan.com\/#\/schema\/person\/cb50370d62a9fe37908560b78a0b67cc","name":"Rafa\u0142 Wajer","image":{"@type":"ImageObject","inLanguage":"pl-PL","@id":"https:\/\/vandalvan.com\/#\/schema\/person\/image\/","url":"https:\/\/secure.gravatar.com\/avatar\/d3163c7aed60d8d09b0d5c079189533621fa1aa21c1d90c89fc4d58f964088ca?s=96&d=mm&r=g","contentUrl":"https:\/\/secure.gravatar.com\/avatar\/d3163c7aed60d8d09b0d5c079189533621fa1aa21c1d90c89fc4d58f964088ca?s=96&d=mm&r=g","caption":"Rafa\u0142 Wajer"},"url":"https:\/\/vandalvan.com\/index.php\/author\/rwajer08\/"}]}},"_links":{"self":[{"href":"https:\/\/vandalvan.com\/index.php\/wp-json\/wp\/v2\/posts\/278","targetHints":{"allow":["GET"]}}],"collection":[{"href":"https:\/\/vandalvan.com\/index.php\/wp-json\/wp\/v2\/posts"}],"about":[{"href":"https:\/\/vandalvan.com\/index.php\/wp-json\/wp\/v2\/types\/post"}],"author":[{"embeddable":true,"href":"https:\/\/vandalvan.com\/index.php\/wp-json\/wp\/v2\/users\/1"}],"replies":[{"embeddable":true,"href":"https:\/\/vandalvan.com\/index.php\/wp-json\/wp\/v2\/comments?post=278"}],"version-history":[{"count":0,"href":"https:\/\/vandalvan.com\/index.php\/wp-json\/wp\/v2\/posts\/278\/revisions"}],"wp:attachment":[{"href":"https:\/\/vandalvan.com\/index.php\/wp-json\/wp\/v2\/media?parent=278"}],"wp:term":[{"taxonomy":"category","embeddable":true,"href":"https:\/\/vandalvan.com\/index.php\/wp-json\/wp\/v2\/categories?post=278"},{"taxonomy":"post_tag","embeddable":true,"href":"https:\/\/vandalvan.com\/index.php\/wp-json\/wp\/v2\/tags?post=278"}],"curies":[{"name":"wp","href":"https:\/\/api.w.org\/{rel}","templated":true}]}}