{"id":179,"date":"2019-09-22T17:35:33","date_gmt":"2019-09-22T17:35:33","guid":{"rendered":"http:\/\/vandalvan.com\/?p=179"},"modified":"2024-11-20T17:35:51","modified_gmt":"2024-11-20T17:35:51","slug":"okna-do-kampera-jakie-zastosowac-i-jakie-sa-koszty","status":"publish","type":"post","link":"https:\/\/vandalvan.com\/index.php\/2019\/09\/22\/okna-do-kampera-jakie-zastosowac-i-jakie-sa-koszty\/","title":{"rendered":"Okna do kampera &#8211; jakie zastosowa\u0107 i jakie s\u0105 koszty?"},"content":{"rendered":"\n<p><strong>Rozmieszenienie okien i decyzja odno\u015bnie ich typu jest jedn\u0105 z wa\u017cniejszych jakie b\u0119dziecie musieli podj\u0105\u0107 na pocz\u0105tku projektowania kampera. B\u0119dzie ona determinowa\u0107 rozmieszczenie szafek, \u0142\u00f3\u017cka, komfort korzystania oraz do\u015bwietlenie wn\u0119trza. Warto dobrze przemy\u015ble\u0107 jakie okna do kampera kupi\u0107 i gdzie je zamontowa\u0107.<\/strong><\/p>\n\n\n\n<p>Planuj\u0105c rozmieszczenie okien najlepiej je\u017celi macie do dyspozycji tzw. blaszaka. Nie maj\u0105c \u017cadnych otwor\u00f3w w cz\u0119\u015bci tylnej samochodu &#8211; b\u0119dziecie mogli w pe\u0142ni dostosowa\u0107 samoch\u00f3d do waszej koncepcji. Wprawienie dodatkowych szyb w samochodzie jest proste i tanie, dlatego nie warto na etapie zakupu szuka\u0107 samochodu, kt\u00f3ry jest ju\u017c w nie wyposa\u017cony.<\/p>\n\n\n\n<h4 class=\"wp-block-heading\"><strong>Szyby samochodowe<\/strong><\/h4>\n\n\n\n<p>W naszym campervanie w drzwiach bocznych, przesuwnych zastosowali\u015bmy zwyk\u0142\u0105, przyciemnian\u0105 szyb\u0119 samochodow\u0105. Takie rozwi\u0105zanie jest du\u017co ta\u0144sze od dedykowanego okna do kampera. Przy tym w trakcie postoju drzwi boczne s\u0105 najcz\u0119\u015bciej otwarte, dlatego nie ma potrzeby \u017ceby okno by\u0142o dodatkowo otwierane. Du\u017ca szyba z boku zapewnia dobre do\u015bwietlenie wn\u0119trza oraz poprawia widoczno\u015b\u0107, kt\u00f3rej cz\u0119sto w tych samochodach brakuje na skrzy\u017cowaniach.<\/p>\n\n\n\n<p><strong>Dla mnie monta\u017c szyby by\u0142 pierwszym ci\u0119ciem naszego vana &#8211; kt\u00f3rym szczerze powiedziawszy by\u0142em przera\u017cony. <\/strong>Jak si\u0119 okaza\u0142o by\u0142y to obawy nowicjusza, a samodzielne wprawienie tego okna da\u0142o mi bardzo du\u017co satysfakcji. <\/p>\n\n\n\n<figure class=\"wp-block-gallery has-nested-images columns-default is-cropped wp-block-gallery-1 is-layout-flex wp-block-gallery-is-layout-flex\">\n<figure class=\"wp-block-image size-large\"><img loading=\"lazy\" decoding=\"async\" width=\"934\" height=\"933\" data-id=\"180\" src=\"http:\/\/vandalvan.com\/wp-content\/uploads\/2019\/09\/IMG_20181118_114848a.jpg\" alt=\"\" class=\"wp-image-180\" srcset=\"https:\/\/vandalvan.com\/wp-content\/uploads\/2019\/09\/IMG_20181118_114848a.jpg 934w, https:\/\/vandalvan.com\/wp-content\/uploads\/2019\/09\/IMG_20181118_114848a-250x250.jpg 250w, https:\/\/vandalvan.com\/wp-content\/uploads\/2019\/09\/IMG_20181118_114848a-100x100.jpg 100w, https:\/\/vandalvan.com\/wp-content\/uploads\/2019\/09\/IMG_20181118_114848a-350x350.jpg 350w, https:\/\/vandalvan.com\/wp-content\/uploads\/2019\/09\/IMG_20181118_114848a-150x150.jpg 150w, https:\/\/vandalvan.com\/wp-content\/uploads\/2019\/09\/IMG_20181118_114848a-300x300.jpg 300w, https:\/\/vandalvan.com\/wp-content\/uploads\/2019\/09\/IMG_20181118_114848a-768x767.jpg 768w\" sizes=\"auto, (max-width: 706px) 89vw, (max-width: 767px) 82vw, 740px\" \/><\/figure>\n\n\n\n<figure class=\"wp-block-image size-large\"><img loading=\"lazy\" decoding=\"async\" width=\"934\" height=\"933\" data-id=\"181\" src=\"http:\/\/vandalvan.com\/wp-content\/uploads\/2019\/09\/IMG_20181118_122045a.jpg\" alt=\"\" class=\"wp-image-181\" srcset=\"https:\/\/vandalvan.com\/wp-content\/uploads\/2019\/09\/IMG_20181118_122045a.jpg 934w, https:\/\/vandalvan.com\/wp-content\/uploads\/2019\/09\/IMG_20181118_122045a-250x250.jpg 250w, https:\/\/vandalvan.com\/wp-content\/uploads\/2019\/09\/IMG_20181118_122045a-100x100.jpg 100w, https:\/\/vandalvan.com\/wp-content\/uploads\/2019\/09\/IMG_20181118_122045a-350x350.jpg 350w, https:\/\/vandalvan.com\/wp-content\/uploads\/2019\/09\/IMG_20181118_122045a-150x150.jpg 150w, https:\/\/vandalvan.com\/wp-content\/uploads\/2019\/09\/IMG_20181118_122045a-300x300.jpg 300w, https:\/\/vandalvan.com\/wp-content\/uploads\/2019\/09\/IMG_20181118_122045a-768x767.jpg 768w\" sizes=\"auto, (max-width: 706px) 89vw, (max-width: 767px) 82vw, 740px\" \/><\/figure>\n\n\n\n<figure class=\"wp-block-image size-large\"><img loading=\"lazy\" decoding=\"async\" width=\"934\" height=\"933\" data-id=\"182\" src=\"http:\/\/vandalvan.com\/wp-content\/uploads\/2019\/09\/IMG_20181118_123404a.jpg\" alt=\"\" class=\"wp-image-182\" srcset=\"https:\/\/vandalvan.com\/wp-content\/uploads\/2019\/09\/IMG_20181118_123404a.jpg 934w, https:\/\/vandalvan.com\/wp-content\/uploads\/2019\/09\/IMG_20181118_123404a-250x250.jpg 250w, https:\/\/vandalvan.com\/wp-content\/uploads\/2019\/09\/IMG_20181118_123404a-100x100.jpg 100w, https:\/\/vandalvan.com\/wp-content\/uploads\/2019\/09\/IMG_20181118_123404a-350x350.jpg 350w, https:\/\/vandalvan.com\/wp-content\/uploads\/2019\/09\/IMG_20181118_123404a-150x150.jpg 150w, https:\/\/vandalvan.com\/wp-content\/uploads\/2019\/09\/IMG_20181118_123404a-300x300.jpg 300w, https:\/\/vandalvan.com\/wp-content\/uploads\/2019\/09\/IMG_20181118_123404a-768x767.jpg 768w\" sizes=\"auto, (max-width: 706px) 89vw, (max-width: 767px) 82vw, 740px\" \/><\/figure>\n<\/figure>\n\n\n\n<h4 class=\"wp-block-heading\"><strong>Dedykowane okna do kampera<\/strong><\/h4>\n\n\n\n<p>Po drugiej stronie, w miejscu gdzie znajduje si\u0119 rz\u0105d dodatkowych siedze\u0144 zastosowali\u015bmy <strong>okno kamperowe <a href=\"https:\/\/sklep.ack.com.pl\/wyniki-wyszukiwania?q=dometic%20s4\" target=\"_blank\" rel=\"noreferrer noopener\">Dometic Seitz S4<\/a> 900&#215;550 (-10% kod &#8222;VANDAL&#8221;). <\/strong>Okno przy fotelach jest niezb\u0119dne do przerejestrowania auta na specjalny pojazd kempingowy. Oczywi\u015bcie mo\u017cna zastosowa\u0107 zwyk\u0142\u0105 szyb\u0119 samochodow\u0105, ale zale\u017ca\u0142o nam na mo\u017cliwo\u015bci otwierania okna, co opr\u00f3cz funkcjonalno\u015bci zapewnia dodatkow\u0105 wentylacj\u0119 auta na postoju. <\/p>\n\n\n\n<figure class=\"wp-block-embed is-type-video is-provider-youtube wp-block-embed-youtube wp-embed-aspect-16-9 wp-has-aspect-ratio\"><div class=\"wp-block-embed__wrapper\">\n<iframe loading=\"lazy\" title=\"Dlaczego profilowane? Wyb\u00f3r i monta\u017c - krok po korku - tutorial \ud83d\ude90\ud83d\udc69\ud83c\udffb\u200d\ud83d\udd27\ud83d\udc68\ud83c\udffb\u200d\ud83d\udd27\" width=\"525\" height=\"295\" src=\"https:\/\/www.youtube.com\/embed\/fIqGP_YW-yY?feature=oembed\" frameborder=\"0\" allow=\"accelerometer; autoplay; clipboard-write; encrypted-media; gyroscope; picture-in-picture; web-share\" referrerpolicy=\"strict-origin-when-cross-origin\" allowfullscreen><\/iframe>\n<\/div><\/figure>\n\n\n\n<p>To samo okno tym razem o wymiarach 500&#215;500 zastosowali\u015bmy na tylnich drzwiach po stronie kierowcy. Jeste\u015bmy z tej decyzji bardzo zadowoleni, bo sprawdza si\u0119 \u015bwietnie jako wentylacja przy \u0142\u00f3\u017cku, co jednocze\u015bnie nie przeszkadza\u0142o przy monta\u017cu baga\u017cnika rowerowego.<\/p>\n\n\n\n<div class=\"wp-block-cover is-light\"><span aria-hidden=\"true\" class=\"wp-block-cover__background has-background-dim-0 has-background-dim\"><\/span><img loading=\"lazy\" decoding=\"async\" width=\"1100\" height=\"748\" class=\"wp-block-cover__image-background wp-image-189\" alt=\"\" src=\"http:\/\/vandalvan.com\/wp-content\/uploads\/2019\/09\/oknoboczne-3.gif\" data-object-fit=\"cover\"\/><div class=\"wp-block-cover__inner-container is-layout-flow wp-block-cover-is-layout-flow\">\n<p class=\"has-text-align-center has-large-font-size\"><\/p>\n<\/div><\/div>\n\n\n\n<h4 class=\"wp-block-heading\"><strong> Szyba samochodowa vs. okno kamperowe<\/strong><\/h4>\n\n\n\n<p>W naszym kamperze zastosowali\u015bmy oba typy okien. Zalet\u0105 okien kamperowych jest bardzo dobra izolacja termiczna (podw\u00f3jna szyba z tworzywa), wbudowana moskitiera, zas\u0142ona oraz mo\u017cliwo\u015b\u0107 otwierania i uchylania. Wad\u0105 niestety cena, kt\u00f3ra jest 3-4 krotnie wy\u017csza ni\u017c koszt wprawienia szyby samochodowej.<\/p>\n\n\n\n<p>Je\u015bli chodzi o monta\u017c oba typy okien s\u0105 stosunkowo proste przy instalacji. Jedynie na etapie wyka\u0144czania wn\u0119trza, w przypadku wklejanej szyby samochodowej nale\u017cy wykona\u0107 specjaln\u0105 konstrukcj\u0119, kt\u00f3ra musi przylega\u0107 do szyby. W zwi\u0105zku z zakrzywion\u0105 p\u0142aszczyzn\u0105 nie jest to takie proste. <\/p>\n\n\n\n<figure class=\"wp-block-gallery has-nested-images columns-default is-cropped wp-block-gallery-2 is-layout-flex wp-block-gallery-is-layout-flex\">\n<figure class=\"wp-block-image size-large\"><img loading=\"lazy\" decoding=\"async\" width=\"1024\" height=\"576\" data-id=\"191\" src=\"http:\/\/vandalvan.com\/wp-content\/uploads\/2019\/09\/20190616_082930-1024x576.jpg\" alt=\"budowa kampera\" class=\"wp-image-191\" srcset=\"https:\/\/vandalvan.com\/wp-content\/uploads\/2019\/09\/20190616_082930-1024x576.jpg 1024w, https:\/\/vandalvan.com\/wp-content\/uploads\/2019\/09\/20190616_082930-350x197.jpg 350w, https:\/\/vandalvan.com\/wp-content\/uploads\/2019\/09\/20190616_082930-300x169.jpg 300w, https:\/\/vandalvan.com\/wp-content\/uploads\/2019\/09\/20190616_082930-768x432.jpg 768w, https:\/\/vandalvan.com\/wp-content\/uploads\/2019\/09\/20190616_082930.jpg 1661w\" sizes=\"auto, (max-width: 706px) 89vw, (max-width: 767px) 82vw, 740px\" \/><\/figure>\n<\/figure>\n\n\n\n<figure class=\"wp-block-gallery has-nested-images columns-default is-cropped wp-block-gallery-3 is-layout-flex wp-block-gallery-is-layout-flex\">\n<figure class=\"wp-block-image size-large\"><img loading=\"lazy\" decoding=\"async\" width=\"718\" height=\"716\" data-id=\"192\" src=\"http:\/\/vandalvan.com\/wp-content\/uploads\/2019\/09\/1.jpg\" alt=\"campervan\" class=\"wp-image-192\" srcset=\"https:\/\/vandalvan.com\/wp-content\/uploads\/2019\/09\/1.jpg 718w, https:\/\/vandalvan.com\/wp-content\/uploads\/2019\/09\/1-250x250.jpg 250w, https:\/\/vandalvan.com\/wp-content\/uploads\/2019\/09\/1-100x100.jpg 100w, https:\/\/vandalvan.com\/wp-content\/uploads\/2019\/09\/1-350x349.jpg 350w, https:\/\/vandalvan.com\/wp-content\/uploads\/2019\/09\/1-150x150.jpg 150w, https:\/\/vandalvan.com\/wp-content\/uploads\/2019\/09\/1-300x300.jpg 300w\" sizes=\"auto, (max-width: 718px) 100vw, 718px\" \/><\/figure>\n\n\n\n<figure class=\"wp-block-image size-large\"><img loading=\"lazy\" decoding=\"async\" width=\"672\" height=\"703\" data-id=\"193\" src=\"http:\/\/vandalvan.com\/wp-content\/uploads\/2019\/09\/21.jpg\" alt=\"budowa kampera\" class=\"wp-image-193\" srcset=\"https:\/\/vandalvan.com\/wp-content\/uploads\/2019\/09\/21.jpg 672w, https:\/\/vandalvan.com\/wp-content\/uploads\/2019\/09\/21-350x366.jpg 350w, https:\/\/vandalvan.com\/wp-content\/uploads\/2019\/09\/21-287x300.jpg 287w\" sizes=\"auto, (max-width: 672px) 100vw, 672px\" \/><\/figure>\n\n\n\n<figure class=\"wp-block-image size-large\"><img loading=\"lazy\" decoding=\"async\" width=\"666\" height=\"661\" data-id=\"194\" src=\"http:\/\/vandalvan.com\/wp-content\/uploads\/2019\/09\/23.jpg\" alt=\"jak zbudowa\u0107 kampera\" class=\"wp-image-194\" srcset=\"https:\/\/vandalvan.com\/wp-content\/uploads\/2019\/09\/23.jpg 666w, https:\/\/vandalvan.com\/wp-content\/uploads\/2019\/09\/23-100x100.jpg 100w, https:\/\/vandalvan.com\/wp-content\/uploads\/2019\/09\/23-350x347.jpg 350w, https:\/\/vandalvan.com\/wp-content\/uploads\/2019\/09\/23-150x150.jpg 150w, https:\/\/vandalvan.com\/wp-content\/uploads\/2019\/09\/23-300x298.jpg 300w\" sizes=\"auto, (max-width: 666px) 100vw, 666px\" \/><\/figure>\n<\/figure>\n\n\n\n<h4 class=\"wp-block-heading\"><strong>Okno dachowe czy wentylator?<\/strong><\/h4>\n\n\n\n<p>My zdecydowali\u015bmy si\u0119 na zakup prostego <strong>okna dachowego <a href=\"https:\/\/sklep.ack.com.pl\/wyniki-wyszukiwania?q=mini%20heki\">Mini Heki<\/a> (-10% kod &#8222;VANDAL&#8221;)<\/strong> w rozmiarze 400&#215;400, kt\u00f3re jest funkcjonalne jedynie w zakresie uchylania. Okno sprawdza si\u0119 bardzo dobrze, do\u015bwietlaj\u0105c przestrze\u0144 i zapewniaj\u0105c wentylacj\u0119, r\u00f3wnie\u017c przy gotowaniu. W zakresie wentylacji uwa\u017cam, \u017ce nie jest konieczny wentylator mechaniczny. Takie okno w naszym przypadku ca\u0142kowicie si\u0119 sprawdza. Wyb\u00f3r rozwi\u0105zania by\u0142 r\u00f3wnie\u017c podyktowany cen\u0105, ale w przypadku wi\u0119kszego bud\u017cetu rozwa\u017cy\u0142bym monta\u017c du\u017cego okna, kt\u00f3re umo\u017cliwia pe\u0142ne otwarcie. W takim przypadku okno mog\u0142oby stanowi\u0107 wej\u015bcie na dach, co opr\u00f3cz dodatkowej funkcjonalno\u015bci jest r\u00f3wnie\u017c fajn\u0105 atrakcj\u0105.<\/p>\n\n\n\n<figure class=\"wp-block-gallery has-nested-images columns-default is-cropped wp-block-gallery-4 is-layout-flex wp-block-gallery-is-layout-flex\">\n<figure class=\"wp-block-image size-large\"><img loading=\"lazy\" decoding=\"async\" width=\"525\" height=\"524\" data-id=\"197\" src=\"http:\/\/vandalvan.com\/wp-content\/uploads\/2019\/09\/20190616_083626a.jpg\" alt=\"okna do kampera\" class=\"wp-image-197\" srcset=\"https:\/\/vandalvan.com\/wp-content\/uploads\/2019\/09\/20190616_083626a.jpg 525w, https:\/\/vandalvan.com\/wp-content\/uploads\/2019\/09\/20190616_083626a-250x250.jpg 250w, https:\/\/vandalvan.com\/wp-content\/uploads\/2019\/09\/20190616_083626a-100x100.jpg 100w, https:\/\/vandalvan.com\/wp-content\/uploads\/2019\/09\/20190616_083626a-350x349.jpg 350w, https:\/\/vandalvan.com\/wp-content\/uploads\/2019\/09\/20190616_083626a-150x150.jpg 150w, https:\/\/vandalvan.com\/wp-content\/uploads\/2019\/09\/20190616_083626a-300x300.jpg 300w\" sizes=\"auto, (max-width: 525px) 100vw, 525px\" \/><\/figure>\n<\/figure>\n\n\n\n<h4 class=\"wp-block-heading\"><strong>Monta\u017c okien<\/strong><\/h4>\n\n\n\n<p>Jak zamontowa\u0107 okno kamperowe? Opisz\u0119 w kilku punktach, reszt\u0119 zobaczycie na <a href=\"https:\/\/www.youtube.com\/watch?v=1GSMffn-q1Y\">YouTube<\/a>. <strong>Czynno\u015b\u0107 ta jest prosta i poradzi sobie z tym ka\u017cdy campermajster. Wymaga jedynie skupienia, bo b\u0142\u0105d mo\u017ce by\u0107 trudny do naprawienia \ud83d\ude42 <\/strong><br><br>1. Zgodnie z instrukcj\u0105 wymierzamy i zaznaczamy miejsce ci\u0119cia<br>2. Najlepiej zrobi\u0107 sobie kr\u00f3tk\u0105 przerw\u0119 na kaw\u0119 i wr\u00f3ci\u0107 do sprawdzenia wymiar\u00f3w<br>3. Otwornic\u0105 do metalu wycinamy zaokr\u0105glone rogi otworu okiennego<br>4. Wyrznark\u0105 z brzeszczotem do metalu wycinamy okno<br>5. Pilnikiem wyr\u00f3wnujemy kraw\u0119dzie i malujemy farb\u0105 antykorozyjn\u0105<br>6. Przygotowujemy drewnian\u0105 ramk\u0119 do oprawienia okna<br>7. Nak\u0142adamy uszczelniacz butylowy\/sznur butylowy na okno zgodnie z instrukcj\u0105<br>8. Skr\u0119camy dwie cz\u0119\u015bci okna z drewnian\u0105 ramk\u0105 &#8211; ca\u0142o\u015b\u0107 klinuje si\u0119 na karoserii auta<br>9. Gotowe!<\/p>\n\n\n\n<figure class=\"wp-block-image size-full\"><a href=\"https:\/\/vanclan.pl\/\"><img loading=\"lazy\" decoding=\"async\" width=\"1000\" height=\"400\" src=\"https:\/\/vandalvan.com\/wp-content\/uploads\/2024\/11\/Poznaj-VANClan-spolecznosc.png\" alt=\"\" class=\"wp-image-2502\" srcset=\"https:\/\/vandalvan.com\/wp-content\/uploads\/2024\/11\/Poznaj-VANClan-spolecznosc.png 1000w, https:\/\/vandalvan.com\/wp-content\/uploads\/2024\/11\/Poznaj-VANClan-spolecznosc-300x120.png 300w, https:\/\/vandalvan.com\/wp-content\/uploads\/2024\/11\/Poznaj-VANClan-spolecznosc-768x307.png 768w, https:\/\/vandalvan.com\/wp-content\/uploads\/2024\/11\/Poznaj-VANClan-spolecznosc-350x140.png 350w\" sizes=\"auto, (max-width: 706px) 89vw, (max-width: 767px) 82vw, 740px\" \/><\/a><\/figure>\n\n\n\n<div class=\"wp-block-buttons is-content-justification-center is-layout-flex wp-container-core-buttons-is-layout-28206b41 wp-block-buttons-is-layout-flex\">\n<div class=\"wp-block-button has-custom-width wp-block-button__width-50 has-custom-font-size has-small-font-size\"><a class=\"wp-block-button__link has-vivid-cyan-blue-background-color has-background wp-element-button\" href=\"https:\/\/vanclan.pl\/\"><strong>VANClan &#8211; zobacz wi\u0119cej<\/strong><\/a><\/div>\n<\/div>\n\n\n\n<h4 class=\"wp-block-heading\"><strong>PODSUMOWANIE<\/strong><\/h4>\n\n\n\n<h6 class=\"wp-block-heading\"><b>WYDATK<\/b><strong><b>I<\/b> (ceny z 2018)<\/strong><\/h6>\n\n\n\n<p>Szyba boczna <strong>32<\/strong><b>0 z\u0142<\/b><br>Zestaw do wklejenia szyby Sika oraz Sikaflex do uszczelnie\u0144 <strong>100 z\u0142<\/strong><br>Drewno na ramki, impregnat <b>60 z\u0142<\/b><br>Okna Dometic Seitz S4 (x2) <strong>2<\/strong><b>.<\/b><strong>6<\/strong><b>00 z\u0142<\/b> (<a href=\"https:\/\/www.olx.pl\/d\/oferta\/okno-uchylne-z-podwojna-roleta-dometic-seitz-s4-500x500-mm-CID628-IDUNfNj.html?bs=siren_ad_posted_successfully&amp;utm_campaign=ad_posted_successfully&amp;utm_medium=email&amp;utm_source=siren\">okno Dometic 500&#215;500 na OLX<\/a>)<br>Okno dachowe Mini Heki <strong>310 z\u0142<\/strong><br><strong>RAZEM 3.390 z\u0142<\/strong><\/p>\n\n\n\n<h6 class=\"wp-block-heading\"><strong>NARZ\u0118DZIA<\/strong><\/h6>\n\n\n\n<ul class=\"wp-block-list\">\n<li>wyrzynarka z brzeszczotem do metalu<\/li>\n\n\n\n<li>wkr\u0119tarka<\/li>\n\n\n\n<li>otwornice do metalu<\/li>\n\n\n\n<li>pilnik do metalu<\/li>\n\n\n\n<li>pistolet do sylikonu<\/li>\n<\/ul>\n\n\n\n<h6 class=\"wp-block-heading\"><strong>CZAS I TRUDNO\u015a\u0106<\/strong><\/h6>\n\n\n\n<p>Monta\u017c szyby samochodowej (wyci\u0119cie otworu, wyszlifowanie kraw\u0119dzi, zabezpieczenie antykorozyjne, wklejenie szyby) zajmie Ci ok <strong>2-3 godzin. <\/strong><\/p>\n\n\n\n<p>Monta\u017c okna kamperowego (przygotowanie otworu, przygotowanie ramki do wprawienia okna, uszczelnienie i przykr\u0119cenie okna ) zajmie ok <strong>3-4 godzin.&nbsp;<\/strong><\/p>\n\n\n\n<p><strong>Ca\u0142o\u015b\u0107 prac (4 okna) zajmuje ok 2 dni.<\/strong><br><strong>Trudno\u015b\u0107 etapu 5\/10<\/strong><\/p>\n\n\n\n<h6 class=\"wp-block-heading\"><strong>WSKAZ\u00d3WKI<\/strong><\/h6>\n\n\n\n<ol class=\"wp-block-list\">\n<li>Do wyci\u0119cia otwor\u00f3w lepiej nie stosowa\u0107 szlifierki k\u0105towej, kt\u00f3ra nagrzewa blach\u0119 samochodow\u0105. W d\u0142u\u017cszej perspektywie czasu mo\u017ce si\u0119 to sko\u0144czy\u0107 pogorszeniem trwa\u0142o\u015bci pow\u0142oki lakierniczej i odpryskami. Polecam wyrzynark\u0119 akumulatorow\u0105 z brzeszczotem.<\/li>\n\n\n\n<li>Do wklejenia\/uszczelnienia okna dobrze sprawdza si\u0119 Sikaflex (dost\u0119pny w r\u00f3\u017cnych kolorach i w odmianie 521 odporny na promienie UV)<\/li>\n\n\n\n<li>Przy pracy przyda si\u0119 druga para r\u0105k do potrzymania okien podczas mocowania. <\/li>\n\n\n\n<li>3 razy sprawd\u017a rozmieszczenie otwor\u00f3w oraz jego wielko\u015b\u0107\/wymiary zanim zaczniesz ci\u0105\u0107 karoseri\u0119<\/li>\n\n\n\n<li>Do wyci\u0119cia rog\u00f3w przy monta\u017cu okien kampingowych dobrze sprawdzaj\u0105 si\u0119 otwornice do metalu<\/li>\n\n\n\n<li>Przeczytaj instrukcj\u0119 monta\u017cu okien kamperowych<\/li>\n<\/ol>\n\n\n\n<p><strong>Dzi\u0119kujemy za przeczytanie tego artyku\u0142u i zapraszamy do pozosta\u0142ych wpis\u00f3w z cyklu <\/strong><a href=\"http:\/\/vandalvan.com\/index.php\/2019\/08\/29\/budowa-kampera-campervan\/\"><strong>Budowa kampera &#8211; od blaszaka do domu na ko\u0142ach<\/strong><\/a><strong> <\/strong><\/p>\n\n\n\n<p>Artyku\u0142y z serii:<br>&#8211; <a href=\"http:\/\/vandalvan.com\/index.php\/2019\/09\/06\/budowa-kampera-jaki-samochod-wybrac\/\">Wyb\u00f3r samochodu<\/a><br>&#8211; <a href=\"http:\/\/vandalvan.com\/index.php\/2019\/09\/15\/izolacja-w-kamperze\/\">Izolacja<\/a><br>&#8211; <a href=\"http:\/\/vandalvan.com\/index.php\/2019\/09\/22\/okna-do-kampera-jakie-zastosowac-i-jakie-sa-koszty\/\">Okna do kampera<\/a><br>&#8211; <a href=\"http:\/\/vandalvan.com\/index.php\/2019\/10\/01\/solary-do-kampera\/\">Panele solarne do kampera<\/a><br>&#8211; <a href=\"http:\/\/vandalvan.com\/index.php\/2019\/10\/16\/instalacja-elektryczna-w-kamperze\/\">Instalacja elektryczna w kamperze<\/a><br>&#8211; <a href=\"http:\/\/vandalvan.com\/index.php\/2019\/11\/11\/lodowka-do-kampera\/\">Lod\u00f3wka do kampera<\/a><br>&#8211; <a href=\"http:\/\/vandalvan.com\/index.php\/2019\/12\/12\/instalacja-wodna-w-kamperze\/\">Instalacja wodna<\/a><br>&#8211; <a href=\"https:\/\/vandalvan.com\/index.php\/2020\/01\/09\/instalacja-gazowa-w-kamperze\/\">Instalacja gazowa<\/a><br>&#8211; <a href=\"https:\/\/vandalvan.com\/index.php\/2020\/01\/23\/ogrzewanie-w-kamperze\/\">Ogrzewanie <\/a><br>&#8211; <a href=\"https:\/\/vandalvan.com\/index.php\/2020\/02\/06\/meble-do-kampera\/\">Meble do kampera<\/a><br>&#8211; <a href=\"http:\/\/vandalvan.com\/index.php\/2020\/02\/25\/przerobka-busa-na-kampera\/\">Przer\u00f3bka busa na kampera &#8211; przepisy<\/a> <br>&#8211; <a aria-label=\"Ile kosztuje budowa kampera \u2013 bud\u017cet projektu   (opens in a new tab)\" href=\"https:\/\/vandalvan.com\/index.php\/2020\/04\/08\/ile-kosztuje-budowa-kampera\/\" target=\"_blank\" rel=\"noreferrer noopener\">Ile kosztuje budowa kampera \u2013 bud\u017cet projektu  <\/a><\/p>\n\n\n\n<p><strong>Je\u017celi chcesz by\u0107 na bie\u017c\u0105co zapraszamy do obserwowania naszego <\/strong><a href=\"https:\/\/www.instagram.com\/vandal.van\/\"><strong>Instagrama<\/strong><\/a><strong> \/ <a aria-label=\" (opens in a new tab)\" rel=\"noreferrer noopener\" href=\"https:\/\/www.facebook.com\/vandalvancom\" target=\"_blank\">Facebooka <\/a>lub zapisania si\u0119 do <\/strong><a href=\"http:\/\/vandalvan.com\/index.php\/newsletter\/\"><strong>newslettera<\/strong><\/a><\/p>\n\n\n\n<blockquote class=\"instagram-media\" data-instgrm-captioned=\"\" data-instgrm-permalink=\"https:\/\/www.instagram.com\/p\/BqUg2QNHuCz\/?utm_source=ig_embed&amp;utm_campaign=loading\" data-instgrm-version=\"12\" style=\" background:#FFF; border:0; border-radius:3px; box-shadow:0 0 1px 0 rgba(0,0,0,0.5),0 1px 10px 0 rgba(0,0,0,0.15); margin: 1px; max-width:540px; min-width:326px; padding:0; width:99.375%; width:-webkit-calc(100% - 2px); width:calc(100% - 2px);\"><div style=\"padding:16px;\"> <a href=\"https:\/\/www.instagram.com\/p\/BqUg2QNHuCz\/?utm_source=ig_embed&amp;utm_campaign=loading\" style=\" background:#FFFFFF; line-height:0; padding:0 0; text-align:center; text-decoration:none; width:100%;\" target=\"_blank\" rel=\"noopener noreferrer\"> <div style=\" display: flex; flex-direction: row; align-items: center;\"> <div style=\"background-color: #F4F4F4; border-radius: 50%; flex-grow: 0; height: 40px; margin-right: 14px; width: 40px;\"><\/div> <div style=\"display: flex; flex-direction: column; flex-grow: 1; justify-content: center;\"> <div style=\" background-color: #F4F4F4; border-radius: 4px; flex-grow: 0; height: 14px; margin-bottom: 6px; width: 100px;\"><\/div> <div style=\" background-color: #F4F4F4; border-radius: 4px; flex-grow: 0; height: 14px; width: 60px;\"><\/div><\/div><\/div><div style=\"padding: 19% 0;\"><\/div> <div style=\"display:block; height:50px; margin:0 auto 12px; width:50px;\"><svg width=\"50px\" height=\"50px\" viewBox=\"0 0 60 60\" version=\"1.1\" xmlns=\"https:\/\/www.w3.org\/2000\/svg\" xmlns:xlink=\"https:\/\/www.w3.org\/1999\/xlink\"><g stroke=\"none\" stroke-width=\"1\" fill=\"none\" fill-rule=\"evenodd\"><g transform=\"translate(-511.000000, -20.000000)\" fill=\"#000000\"><g><path d=\"M556.869,30.41 C554.814,30.41 553.148,32.076 553.148,34.131 C553.148,36.186 554.814,37.852 556.869,37.852 C558.924,37.852 560.59,36.186 560.59,34.131 C560.59,32.076 558.924,30.41 556.869,30.41 M541,60.657 C535.114,60.657 530.342,55.887 530.342,50 C530.342,44.114 535.114,39.342 541,39.342 C546.887,39.342 551.658,44.114 551.658,50 C551.658,55.887 546.887,60.657 541,60.657 M541,33.886 C532.1,33.886 524.886,41.1 524.886,50 C524.886,58.899 532.1,66.113 541,66.113 C549.9,66.113 557.115,58.899 557.115,50 C557.115,41.1 549.9,33.886 541,33.886 M565.378,62.101 C565.244,65.022 564.756,66.606 564.346,67.663 C563.803,69.06 563.154,70.057 562.106,71.106 C561.058,72.155 560.06,72.803 558.662,73.347 C557.607,73.757 556.021,74.244 553.102,74.378 C549.944,74.521 548.997,74.552 541,74.552 C533.003,74.552 532.056,74.521 528.898,74.378 C525.979,74.244 524.393,73.757 523.338,73.347 C521.94,72.803 520.942,72.155 519.894,71.106 C518.846,70.057 518.197,69.06 517.654,67.663 C517.244,66.606 516.755,65.022 516.623,62.101 C516.479,58.943 516.448,57.996 516.448,50 C516.448,42.003 516.479,41.056 516.623,37.899 C516.755,34.978 517.244,33.391 517.654,32.338 C518.197,30.938 518.846,29.942 519.894,28.894 C520.942,27.846 521.94,27.196 523.338,26.654 C524.393,26.244 525.979,25.756 528.898,25.623 C532.057,25.479 533.004,25.448 541,25.448 C548.997,25.448 549.943,25.479 553.102,25.623 C556.021,25.756 557.607,26.244 558.662,26.654 C560.06,27.196 561.058,27.846 562.106,28.894 C563.154,29.942 563.803,30.938 564.346,32.338 C564.756,33.391 565.244,34.978 565.378,37.899 C565.522,41.056 565.552,42.003 565.552,50 C565.552,57.996 565.522,58.943 565.378,62.101 M570.82,37.631 C570.674,34.438 570.167,32.258 569.425,30.349 C568.659,28.377 567.633,26.702 565.965,25.035 C564.297,23.368 562.623,22.342 560.652,21.575 C558.743,20.834 556.562,20.326 553.369,20.18 C550.169,20.033 549.148,20 541,20 C532.853,20 531.831,20.033 528.631,20.18 C525.438,20.326 523.257,20.834 521.349,21.575 C519.376,22.342 517.703,23.368 516.035,25.035 C514.368,26.702 513.342,28.377 512.574,30.349 C511.834,32.258 511.326,34.438 511.181,37.631 C511.035,40.831 511,41.851 511,50 C511,58.147 511.035,59.17 511.181,62.369 C511.326,65.562 511.834,67.743 512.574,69.651 C513.342,71.625 514.368,73.296 516.035,74.965 C517.703,76.634 519.376,77.658 521.349,78.425 C523.257,79.167 525.438,79.673 528.631,79.82 C531.831,79.965 532.853,80.001 541,80.001 C549.148,80.001 550.169,79.965 553.369,79.82 C556.562,79.673 558.743,79.167 560.652,78.425 C562.623,77.658 564.297,76.634 565.965,74.965 C567.633,73.296 568.659,71.625 569.425,69.651 C570.167,67.743 570.674,65.562 570.82,62.369 C570.966,59.17 571,58.147 571,50 C571,41.851 570.966,40.831 570.82,37.631\"><\/path><\/g><\/g><\/g><\/svg><\/div><div style=\"padding-top: 8px;\"> <div style=\" color:#3897f0; font-family:Arial,sans-serif; font-size:14px; font-style:normal; font-weight:550; line-height:18px;\"> Wy\u015bwietl ten post na Instagramie.<\/div><\/div><div style=\"padding: 12.5% 0;\"><\/div> <div style=\"display: flex; flex-direction: row; margin-bottom: 14px; align-items: center;\"><div> <div style=\"background-color: #F4F4F4; border-radius: 50%; height: 12.5px; width: 12.5px; transform: translateX(0px) translateY(7px);\"><\/div> <div style=\"background-color: #F4F4F4; height: 12.5px; transform: rotate(-45deg) translateX(3px) translateY(1px); width: 12.5px; flex-grow: 0; margin-right: 14px; margin-left: 2px;\"><\/div> <div style=\"background-color: #F4F4F4; border-radius: 50%; height: 12.5px; width: 12.5px; transform: translateX(9px) translateY(-18px);\"><\/div><\/div><div style=\"margin-left: 8px;\"> <div style=\" background-color: #F4F4F4; border-radius: 50%; flex-grow: 0; height: 20px; width: 20px;\"><\/div> <div style=\" width: 0; height: 0; border-top: 2px solid transparent; border-left: 6px solid #f4f4f4; border-bottom: 2px solid transparent; transform: translateX(16px) translateY(-4px) rotate(30deg)\"><\/div><\/div><div style=\"margin-left: auto;\"> <div style=\" width: 0px; border-top: 8px solid #F4F4F4; border-right: 8px solid transparent; transform: translateY(16px);\"><\/div> <div style=\" background-color: #F4F4F4; flex-grow: 0; height: 12px; width: 16px; transform: translateY(-4px);\"><\/div> <div style=\" width: 0; height: 0; border-top: 8px solid #F4F4F4; border-left: 8px solid transparent; transform: translateY(-4px) translateX(8px);\"><\/div><\/div><\/div><\/a> <p style=\" margin:8px 0 0 0; padding:0 4px;\"> <a href=\"https:\/\/www.instagram.com\/p\/BqUg2QNHuCz\/?utm_source=ig_embed&amp;utm_campaign=loading\" style=\" color:#000; font-family:Arial,sans-serif; font-size:14px; font-style:normal; font-weight:normal; line-height:17px; text-decoration:none; word-wrap:break-word;\" target=\"_blank\" rel=\"noopener noreferrer\">Window glued!! So happy I did this by myself \ud83d\ude42 #campervan #vanconversion #diyvan #vanlifepolska<\/a><\/p> <p style=\" color:#c9c8cd; font-family:Arial,sans-serif; font-size:14px; line-height:17px; margin-bottom:0; margin-top:8px; overflow:hidden; padding:8px 0 7px; text-align:center; text-overflow:ellipsis; white-space:nowrap;\">Post udost\u0119pniony przez <a href=\"https:\/\/www.instagram.com\/vandal.van\/?utm_source=ig_embed&amp;utm_campaign=loading\" style=\" color:#c9c8cd; font-family:Arial,sans-serif; font-size:14px; font-style:normal; font-weight:normal; line-height:17px;\" target=\"_blank\" rel=\"noopener noreferrer\"> VANDAL Family Campervan \ud83c\udf0d<\/a> (@vandal.van) <time style=\" font-family:Arial,sans-serif; font-size:14px; line-height:17px;\" datetime=\"2018-11-18T11:46:38+00:00\">Lis 18, 2018 o 3:46 PST<\/time><\/p><\/div><\/blockquote> <script async=\"\" src=\"\/\/www.instagram.com\/embed.js\"><\/script>\n","protected":false},"excerpt":{"rendered":"<p>Rozmieszenienie okien i decyzja odno\u015bnie ich typu jest jedn\u0105 z wa\u017cniejszych jakie b\u0119dziecie musieli podj\u0105\u0107 na pocz\u0105tku projektowania kampera. B\u0119dzie ona determinowa\u0107 rozmieszczenie szafek, \u0142\u00f3\u017cka, komfort korzystania oraz do\u015bwietlenie wn\u0119trza. Warto dobrze przemy\u015ble\u0107 jakie okna do kampera kupi\u0107 i gdzie je zamontowa\u0107. Planuj\u0105c rozmieszczenie okien najlepiej je\u017celi macie do dyspozycji tzw. blaszaka. Nie maj\u0105c \u017cadnych &hellip; <\/p>\n<p class=\"link-more\"><a href=\"https:\/\/vandalvan.com\/index.php\/2019\/09\/22\/okna-do-kampera-jakie-zastosowac-i-jakie-sa-koszty\/\" class=\"more-link\">Czytaj dalej<span class=\"screen-reader-text\"> \u201eOkna do kampera &#8211; jakie zastosowa\u0107 i jakie s\u0105 koszty?\u201d<\/span><\/a><\/p>\n","protected":false},"author":1,"featured_media":0,"comment_status":"open","ping_status":"open","sticky":false,"template":"","format":"standard","meta":{"footnotes":""},"categories":[22],"tags":[4,5,31,29,28,33,32,30],"class_list":["post-179","post","type-post","status-publish","format-standard","hentry","category-budowa-kampera","tag-budowa-campervana","tag-budowa-kampera","tag-dometic-okno","tag-okna-do-kampera","tag-okno-do-kampera","tag-okno-kamperowe","tag-okno-seitz","tag-seitz-okna"],"yoast_head":"<!-- This site is optimized with the Yoast SEO plugin v26.8 - https:\/\/yoast.com\/product\/yoast-seo-wordpress\/ -->\n<title>Okna do kampera - jakie zastosowa\u0107 i jakie s\u0105 koszty? - VANDALVAN<\/title>\n<meta name=\"description\" content=\"Okna do kampera - jakie wybra\u0107? jak zamontowa\u0107? oraz ile to wszystko kosztuje? W artykule postaramy si\u0119 odpowiedzie\u0107 na te pytania.\" \/>\n<meta name=\"robots\" content=\"index, follow, max-snippet:-1, max-image-preview:large, max-video-preview:-1\" \/>\n<link rel=\"canonical\" href=\"https:\/\/vandalvan.com\/index.php\/2019\/09\/22\/okna-do-kampera-jakie-zastosowac-i-jakie-sa-koszty\/\" \/>\n<meta property=\"og:locale\" content=\"pl_PL\" \/>\n<meta property=\"og:type\" content=\"article\" \/>\n<meta property=\"og:title\" content=\"Okna do kampera - jakie zastosowa\u0107 i jakie s\u0105 koszty? - VANDALVAN\" \/>\n<meta property=\"og:description\" content=\"Okna do kampera - jakie wybra\u0107? jak zamontowa\u0107? oraz ile to wszystko kosztuje? W artykule postaramy si\u0119 odpowiedzie\u0107 na te pytania.\" \/>\n<meta property=\"og:url\" content=\"https:\/\/vandalvan.com\/index.php\/2019\/09\/22\/okna-do-kampera-jakie-zastosowac-i-jakie-sa-koszty\/\" \/>\n<meta property=\"og:site_name\" content=\"VANDALVAN\" \/>\n<meta property=\"article:published_time\" content=\"2019-09-22T17:35:33+00:00\" \/>\n<meta property=\"article:modified_time\" content=\"2024-11-20T17:35:51+00:00\" \/>\n<meta property=\"og:image\" content=\"https:\/\/vandalvan.com\/wp-content\/uploads\/2019\/09\/IMG_20181118_114848a.jpg\" \/>\n\t<meta property=\"og:image:width\" content=\"934\" \/>\n\t<meta property=\"og:image:height\" content=\"933\" \/>\n\t<meta property=\"og:image:type\" content=\"image\/jpeg\" \/>\n<meta name=\"author\" content=\"Rafa\u0142 Wajer\" \/>\n<meta name=\"twitter:card\" content=\"summary_large_image\" \/>\n<meta name=\"twitter:label1\" content=\"Napisane przez\" \/>\n\t<meta name=\"twitter:data1\" content=\"Rafa\u0142 Wajer\" \/>\n\t<meta name=\"twitter:label2\" content=\"Szacowany czas czytania\" \/>\n\t<meta name=\"twitter:data2\" content=\"5 minut\" \/>\n<script type=\"application\/ld+json\" class=\"yoast-schema-graph\">{\"@context\":\"https:\/\/schema.org\",\"@graph\":[{\"@type\":\"Article\",\"@id\":\"https:\/\/vandalvan.com\/index.php\/2019\/09\/22\/okna-do-kampera-jakie-zastosowac-i-jakie-sa-koszty\/#article\",\"isPartOf\":{\"@id\":\"https:\/\/vandalvan.com\/index.php\/2019\/09\/22\/okna-do-kampera-jakie-zastosowac-i-jakie-sa-koszty\/\"},\"author\":{\"name\":\"Rafa\u0142 Wajer\",\"@id\":\"https:\/\/vandalvan.com\/#\/schema\/person\/cb50370d62a9fe37908560b78a0b67cc\"},\"headline\":\"Okna do kampera &#8211; jakie zastosowa\u0107 i jakie s\u0105 koszty?\",\"datePublished\":\"2019-09-22T17:35:33+00:00\",\"dateModified\":\"2024-11-20T17:35:51+00:00\",\"mainEntityOfPage\":{\"@id\":\"https:\/\/vandalvan.com\/index.php\/2019\/09\/22\/okna-do-kampera-jakie-zastosowac-i-jakie-sa-koszty\/\"},\"wordCount\":1051,\"commentCount\":6,\"publisher\":{\"@id\":\"https:\/\/vandalvan.com\/#organization\"},\"image\":{\"@id\":\"https:\/\/vandalvan.com\/index.php\/2019\/09\/22\/okna-do-kampera-jakie-zastosowac-i-jakie-sa-koszty\/#primaryimage\"},\"thumbnailUrl\":\"http:\/\/vandalvan.com\/wp-content\/uploads\/2019\/09\/IMG_20181118_114848a.jpg\",\"keywords\":[\"budowa campervana\",\"budowa kampera\",\"dometic okno\",\"okna do kampera\",\"okno do kampera\",\"okno kamperowe\",\"okno seitz\",\"seitz okna\"],\"articleSection\":[\"Budowa kampera\"],\"inLanguage\":\"pl-PL\",\"potentialAction\":[{\"@type\":\"CommentAction\",\"name\":\"Comment\",\"target\":[\"https:\/\/vandalvan.com\/index.php\/2019\/09\/22\/okna-do-kampera-jakie-zastosowac-i-jakie-sa-koszty\/#respond\"]}]},{\"@type\":\"WebPage\",\"@id\":\"https:\/\/vandalvan.com\/index.php\/2019\/09\/22\/okna-do-kampera-jakie-zastosowac-i-jakie-sa-koszty\/\",\"url\":\"https:\/\/vandalvan.com\/index.php\/2019\/09\/22\/okna-do-kampera-jakie-zastosowac-i-jakie-sa-koszty\/\",\"name\":\"Okna do kampera - jakie zastosowa\u0107 i jakie s\u0105 koszty? - VANDALVAN\",\"isPartOf\":{\"@id\":\"https:\/\/vandalvan.com\/#website\"},\"primaryImageOfPage\":{\"@id\":\"https:\/\/vandalvan.com\/index.php\/2019\/09\/22\/okna-do-kampera-jakie-zastosowac-i-jakie-sa-koszty\/#primaryimage\"},\"image\":{\"@id\":\"https:\/\/vandalvan.com\/index.php\/2019\/09\/22\/okna-do-kampera-jakie-zastosowac-i-jakie-sa-koszty\/#primaryimage\"},\"thumbnailUrl\":\"http:\/\/vandalvan.com\/wp-content\/uploads\/2019\/09\/IMG_20181118_114848a.jpg\",\"datePublished\":\"2019-09-22T17:35:33+00:00\",\"dateModified\":\"2024-11-20T17:35:51+00:00\",\"description\":\"Okna do kampera - jakie wybra\u0107? jak zamontowa\u0107? oraz ile to wszystko kosztuje? W artykule postaramy si\u0119 odpowiedzie\u0107 na te pytania.\",\"breadcrumb\":{\"@id\":\"https:\/\/vandalvan.com\/index.php\/2019\/09\/22\/okna-do-kampera-jakie-zastosowac-i-jakie-sa-koszty\/#breadcrumb\"},\"inLanguage\":\"pl-PL\",\"potentialAction\":[{\"@type\":\"ReadAction\",\"target\":[\"https:\/\/vandalvan.com\/index.php\/2019\/09\/22\/okna-do-kampera-jakie-zastosowac-i-jakie-sa-koszty\/\"]}]},{\"@type\":\"ImageObject\",\"inLanguage\":\"pl-PL\",\"@id\":\"https:\/\/vandalvan.com\/index.php\/2019\/09\/22\/okna-do-kampera-jakie-zastosowac-i-jakie-sa-koszty\/#primaryimage\",\"url\":\"https:\/\/vandalvan.com\/wp-content\/uploads\/2019\/09\/IMG_20181118_114848a.jpg\",\"contentUrl\":\"https:\/\/vandalvan.com\/wp-content\/uploads\/2019\/09\/IMG_20181118_114848a.jpg\",\"width\":934,\"height\":933},{\"@type\":\"BreadcrumbList\",\"@id\":\"https:\/\/vandalvan.com\/index.php\/2019\/09\/22\/okna-do-kampera-jakie-zastosowac-i-jakie-sa-koszty\/#breadcrumb\",\"itemListElement\":[{\"@type\":\"ListItem\",\"position\":1,\"name\":\"Strona g\u0142\u00f3wna\",\"item\":\"https:\/\/vandalvan.com\/\"},{\"@type\":\"ListItem\",\"position\":2,\"name\":\"Okna do kampera &#8211; jakie zastosowa\u0107 i jakie s\u0105 koszty?\"}]},{\"@type\":\"WebSite\",\"@id\":\"https:\/\/vandalvan.com\/#website\",\"url\":\"https:\/\/vandalvan.com\/\",\"name\":\"VANDALVAN\",\"description\":\"Feels like home\",\"publisher\":{\"@id\":\"https:\/\/vandalvan.com\/#organization\"},\"potentialAction\":[{\"@type\":\"SearchAction\",\"target\":{\"@type\":\"EntryPoint\",\"urlTemplate\":\"https:\/\/vandalvan.com\/?s={search_term_string}\"},\"query-input\":{\"@type\":\"PropertyValueSpecification\",\"valueRequired\":true,\"valueName\":\"search_term_string\"}}],\"inLanguage\":\"pl-PL\"},{\"@type\":\"Organization\",\"@id\":\"https:\/\/vandalvan.com\/#organization\",\"name\":\"VANDALVAN\",\"url\":\"https:\/\/vandalvan.com\/\",\"logo\":{\"@type\":\"ImageObject\",\"inLanguage\":\"pl-PL\",\"@id\":\"https:\/\/vandalvan.com\/#\/schema\/logo\/image\/\",\"url\":\"https:\/\/vandalvan.com\/wp-content\/uploads\/2022\/08\/cropped-VANDALVAN-logo-haslo_biale.png\",\"contentUrl\":\"https:\/\/vandalvan.com\/wp-content\/uploads\/2022\/08\/cropped-VANDALVAN-logo-haslo_biale.png\",\"width\":631,\"height\":250,\"caption\":\"VANDALVAN\"},\"image\":{\"@id\":\"https:\/\/vandalvan.com\/#\/schema\/logo\/image\/\"}},{\"@type\":\"Person\",\"@id\":\"https:\/\/vandalvan.com\/#\/schema\/person\/cb50370d62a9fe37908560b78a0b67cc\",\"name\":\"Rafa\u0142 Wajer\",\"image\":{\"@type\":\"ImageObject\",\"inLanguage\":\"pl-PL\",\"@id\":\"https:\/\/vandalvan.com\/#\/schema\/person\/image\/\",\"url\":\"https:\/\/secure.gravatar.com\/avatar\/d3163c7aed60d8d09b0d5c079189533621fa1aa21c1d90c89fc4d58f964088ca?s=96&d=mm&r=g\",\"contentUrl\":\"https:\/\/secure.gravatar.com\/avatar\/d3163c7aed60d8d09b0d5c079189533621fa1aa21c1d90c89fc4d58f964088ca?s=96&d=mm&r=g\",\"caption\":\"Rafa\u0142 Wajer\"},\"url\":\"https:\/\/vandalvan.com\/index.php\/author\/rwajer08\/\"}]}<\/script>\n<!-- \/ Yoast SEO plugin. -->","yoast_head_json":{"title":"Okna do kampera - jakie zastosowa\u0107 i jakie s\u0105 koszty? - VANDALVAN","description":"Okna do kampera - jakie wybra\u0107? jak zamontowa\u0107? oraz ile to wszystko kosztuje? W artykule postaramy si\u0119 odpowiedzie\u0107 na te pytania.","robots":{"index":"index","follow":"follow","max-snippet":"max-snippet:-1","max-image-preview":"max-image-preview:large","max-video-preview":"max-video-preview:-1"},"canonical":"https:\/\/vandalvan.com\/index.php\/2019\/09\/22\/okna-do-kampera-jakie-zastosowac-i-jakie-sa-koszty\/","og_locale":"pl_PL","og_type":"article","og_title":"Okna do kampera - jakie zastosowa\u0107 i jakie s\u0105 koszty? - VANDALVAN","og_description":"Okna do kampera - jakie wybra\u0107? jak zamontowa\u0107? oraz ile to wszystko kosztuje? W artykule postaramy si\u0119 odpowiedzie\u0107 na te pytania.","og_url":"https:\/\/vandalvan.com\/index.php\/2019\/09\/22\/okna-do-kampera-jakie-zastosowac-i-jakie-sa-koszty\/","og_site_name":"VANDALVAN","article_published_time":"2019-09-22T17:35:33+00:00","article_modified_time":"2024-11-20T17:35:51+00:00","og_image":[{"width":934,"height":933,"url":"https:\/\/vandalvan.com\/wp-content\/uploads\/2019\/09\/IMG_20181118_114848a.jpg","type":"image\/jpeg"}],"author":"Rafa\u0142 Wajer","twitter_card":"summary_large_image","twitter_misc":{"Napisane przez":"Rafa\u0142 Wajer","Szacowany czas czytania":"5 minut"},"schema":{"@context":"https:\/\/schema.org","@graph":[{"@type":"Article","@id":"https:\/\/vandalvan.com\/index.php\/2019\/09\/22\/okna-do-kampera-jakie-zastosowac-i-jakie-sa-koszty\/#article","isPartOf":{"@id":"https:\/\/vandalvan.com\/index.php\/2019\/09\/22\/okna-do-kampera-jakie-zastosowac-i-jakie-sa-koszty\/"},"author":{"name":"Rafa\u0142 Wajer","@id":"https:\/\/vandalvan.com\/#\/schema\/person\/cb50370d62a9fe37908560b78a0b67cc"},"headline":"Okna do kampera &#8211; jakie zastosowa\u0107 i jakie s\u0105 koszty?","datePublished":"2019-09-22T17:35:33+00:00","dateModified":"2024-11-20T17:35:51+00:00","mainEntityOfPage":{"@id":"https:\/\/vandalvan.com\/index.php\/2019\/09\/22\/okna-do-kampera-jakie-zastosowac-i-jakie-sa-koszty\/"},"wordCount":1051,"commentCount":6,"publisher":{"@id":"https:\/\/vandalvan.com\/#organization"},"image":{"@id":"https:\/\/vandalvan.com\/index.php\/2019\/09\/22\/okna-do-kampera-jakie-zastosowac-i-jakie-sa-koszty\/#primaryimage"},"thumbnailUrl":"http:\/\/vandalvan.com\/wp-content\/uploads\/2019\/09\/IMG_20181118_114848a.jpg","keywords":["budowa campervana","budowa kampera","dometic okno","okna do kampera","okno do kampera","okno kamperowe","okno seitz","seitz okna"],"articleSection":["Budowa kampera"],"inLanguage":"pl-PL","potentialAction":[{"@type":"CommentAction","name":"Comment","target":["https:\/\/vandalvan.com\/index.php\/2019\/09\/22\/okna-do-kampera-jakie-zastosowac-i-jakie-sa-koszty\/#respond"]}]},{"@type":"WebPage","@id":"https:\/\/vandalvan.com\/index.php\/2019\/09\/22\/okna-do-kampera-jakie-zastosowac-i-jakie-sa-koszty\/","url":"https:\/\/vandalvan.com\/index.php\/2019\/09\/22\/okna-do-kampera-jakie-zastosowac-i-jakie-sa-koszty\/","name":"Okna do kampera - jakie zastosowa\u0107 i jakie s\u0105 koszty? - VANDALVAN","isPartOf":{"@id":"https:\/\/vandalvan.com\/#website"},"primaryImageOfPage":{"@id":"https:\/\/vandalvan.com\/index.php\/2019\/09\/22\/okna-do-kampera-jakie-zastosowac-i-jakie-sa-koszty\/#primaryimage"},"image":{"@id":"https:\/\/vandalvan.com\/index.php\/2019\/09\/22\/okna-do-kampera-jakie-zastosowac-i-jakie-sa-koszty\/#primaryimage"},"thumbnailUrl":"http:\/\/vandalvan.com\/wp-content\/uploads\/2019\/09\/IMG_20181118_114848a.jpg","datePublished":"2019-09-22T17:35:33+00:00","dateModified":"2024-11-20T17:35:51+00:00","description":"Okna do kampera - jakie wybra\u0107? jak zamontowa\u0107? oraz ile to wszystko kosztuje? W artykule postaramy si\u0119 odpowiedzie\u0107 na te pytania.","breadcrumb":{"@id":"https:\/\/vandalvan.com\/index.php\/2019\/09\/22\/okna-do-kampera-jakie-zastosowac-i-jakie-sa-koszty\/#breadcrumb"},"inLanguage":"pl-PL","potentialAction":[{"@type":"ReadAction","target":["https:\/\/vandalvan.com\/index.php\/2019\/09\/22\/okna-do-kampera-jakie-zastosowac-i-jakie-sa-koszty\/"]}]},{"@type":"ImageObject","inLanguage":"pl-PL","@id":"https:\/\/vandalvan.com\/index.php\/2019\/09\/22\/okna-do-kampera-jakie-zastosowac-i-jakie-sa-koszty\/#primaryimage","url":"https:\/\/vandalvan.com\/wp-content\/uploads\/2019\/09\/IMG_20181118_114848a.jpg","contentUrl":"https:\/\/vandalvan.com\/wp-content\/uploads\/2019\/09\/IMG_20181118_114848a.jpg","width":934,"height":933},{"@type":"BreadcrumbList","@id":"https:\/\/vandalvan.com\/index.php\/2019\/09\/22\/okna-do-kampera-jakie-zastosowac-i-jakie-sa-koszty\/#breadcrumb","itemListElement":[{"@type":"ListItem","position":1,"name":"Strona g\u0142\u00f3wna","item":"https:\/\/vandalvan.com\/"},{"@type":"ListItem","position":2,"name":"Okna do kampera &#8211; jakie zastosowa\u0107 i jakie s\u0105 koszty?"}]},{"@type":"WebSite","@id":"https:\/\/vandalvan.com\/#website","url":"https:\/\/vandalvan.com\/","name":"VANDALVAN","description":"Feels like home","publisher":{"@id":"https:\/\/vandalvan.com\/#organization"},"potentialAction":[{"@type":"SearchAction","target":{"@type":"EntryPoint","urlTemplate":"https:\/\/vandalvan.com\/?s={search_term_string}"},"query-input":{"@type":"PropertyValueSpecification","valueRequired":true,"valueName":"search_term_string"}}],"inLanguage":"pl-PL"},{"@type":"Organization","@id":"https:\/\/vandalvan.com\/#organization","name":"VANDALVAN","url":"https:\/\/vandalvan.com\/","logo":{"@type":"ImageObject","inLanguage":"pl-PL","@id":"https:\/\/vandalvan.com\/#\/schema\/logo\/image\/","url":"https:\/\/vandalvan.com\/wp-content\/uploads\/2022\/08\/cropped-VANDALVAN-logo-haslo_biale.png","contentUrl":"https:\/\/vandalvan.com\/wp-content\/uploads\/2022\/08\/cropped-VANDALVAN-logo-haslo_biale.png","width":631,"height":250,"caption":"VANDALVAN"},"image":{"@id":"https:\/\/vandalvan.com\/#\/schema\/logo\/image\/"}},{"@type":"Person","@id":"https:\/\/vandalvan.com\/#\/schema\/person\/cb50370d62a9fe37908560b78a0b67cc","name":"Rafa\u0142 Wajer","image":{"@type":"ImageObject","inLanguage":"pl-PL","@id":"https:\/\/vandalvan.com\/#\/schema\/person\/image\/","url":"https:\/\/secure.gravatar.com\/avatar\/d3163c7aed60d8d09b0d5c079189533621fa1aa21c1d90c89fc4d58f964088ca?s=96&d=mm&r=g","contentUrl":"https:\/\/secure.gravatar.com\/avatar\/d3163c7aed60d8d09b0d5c079189533621fa1aa21c1d90c89fc4d58f964088ca?s=96&d=mm&r=g","caption":"Rafa\u0142 Wajer"},"url":"https:\/\/vandalvan.com\/index.php\/author\/rwajer08\/"}]}},"_links":{"self":[{"href":"https:\/\/vandalvan.com\/index.php\/wp-json\/wp\/v2\/posts\/179","targetHints":{"allow":["GET"]}}],"collection":[{"href":"https:\/\/vandalvan.com\/index.php\/wp-json\/wp\/v2\/posts"}],"about":[{"href":"https:\/\/vandalvan.com\/index.php\/wp-json\/wp\/v2\/types\/post"}],"author":[{"embeddable":true,"href":"https:\/\/vandalvan.com\/index.php\/wp-json\/wp\/v2\/users\/1"}],"replies":[{"embeddable":true,"href":"https:\/\/vandalvan.com\/index.php\/wp-json\/wp\/v2\/comments?post=179"}],"version-history":[{"count":0,"href":"https:\/\/vandalvan.com\/index.php\/wp-json\/wp\/v2\/posts\/179\/revisions"}],"wp:attachment":[{"href":"https:\/\/vandalvan.com\/index.php\/wp-json\/wp\/v2\/media?parent=179"}],"wp:term":[{"taxonomy":"category","embeddable":true,"href":"https:\/\/vandalvan.com\/index.php\/wp-json\/wp\/v2\/categories?post=179"},{"taxonomy":"post_tag","embeddable":true,"href":"https:\/\/vandalvan.com\/index.php\/wp-json\/wp\/v2\/tags?post=179"}],"curies":[{"name":"wp","href":"https:\/\/api.w.org\/{rel}","templated":true}]}}