{"id":1458,"date":"2022-11-25T20:18:35","date_gmt":"2022-11-25T20:18:35","guid":{"rendered":"https:\/\/vandalvan.com\/?p=1458"},"modified":"2024-11-20T17:22:31","modified_gmt":"2024-11-20T17:22:31","slug":"jaka-baza-na-kampera","status":"publish","type":"post","link":"https:\/\/vandalvan.com\/index.php\/2022\/11\/25\/jaka-baza-na-kampera\/","title":{"rendered":"Jaka baza na kampera?"},"content":{"rendered":"\n<h4 class=\"wp-block-heading\"><strong>Baza na kampera &#8211; powinna by\u0107 dostosowana do Twoich potrzeb i do stylu podr\u00f3\u017cowania. Warto wybra\u0107 \u015bwiadomie &#8211; przeprowadzaj\u0105c solidn\u0105 analiz\u0119 por\u00f3wnawcz\u0105 dost\u0119pnych samochod\u00f3w. <\/strong><br><br><strong>W artykule:<br>&#8211; opisuj\u0119 plusy i minusy popularnych baz na kampera<br>&#8211; zestawiam podstawowe paramtery techniczne,<br>&#8211; podpowiadam, na co zwr\u00f3ci\u0107 uwag\u0119 kupuj\u0105c u\u017cywany samoch\u00f3d<\/strong>.<\/h4>\n\n\n\n<figure class=\"wp-block-image size-large\"><img loading=\"lazy\" decoding=\"async\" width=\"1024\" height=\"576\" src=\"https:\/\/vandalvan.com\/wp-content\/uploads\/2023\/01\/AdobeStock_337982320-1024x576.jpeg\" alt=\"baza na kampera\" class=\"wp-image-1657\" srcset=\"https:\/\/vandalvan.com\/wp-content\/uploads\/2023\/01\/AdobeStock_337982320-1024x576.jpeg 1024w, https:\/\/vandalvan.com\/wp-content\/uploads\/2023\/01\/AdobeStock_337982320-300x169.jpeg 300w, https:\/\/vandalvan.com\/wp-content\/uploads\/2023\/01\/AdobeStock_337982320-768x432.jpeg 768w, https:\/\/vandalvan.com\/wp-content\/uploads\/2023\/01\/AdobeStock_337982320-1536x864.jpeg 1536w, https:\/\/vandalvan.com\/wp-content\/uploads\/2023\/01\/AdobeStock_337982320-2048x1152.jpeg 2048w, https:\/\/vandalvan.com\/wp-content\/uploads\/2023\/01\/AdobeStock_337982320-350x197.jpeg 350w\" sizes=\"auto, (max-width: 706px) 89vw, (max-width: 767px) 82vw, 740px\" \/><\/figure>\n\n\n\n<h4 class=\"wp-block-heading\"><strong>1. Wyb\u00f3r wielko\u015bci kampera<\/strong><\/h4>\n\n\n\n<p>Zak\u0142adaj\u0105c, \u017ce jeste\u015bmy zdecydowani na campervana wykonanego na bazie popularnego \u201cblaszaka\u201d mamy do wyboru trzy og\u00f3lne koncepcje:&nbsp;<br><br>1. Minivan (typu VW Transporter, Traffic)&nbsp;<br>2. Kompaktowy do 6 m <br>3. Du\u017cy powy\u017cej 6 m <\/p>\n\n\n\n<div class=\"wp-block-columns is-layout-flex wp-container-core-columns-is-layout-9d6595d7 wp-block-columns-is-layout-flex\">\n<div class=\"wp-block-column is-layout-flow wp-block-column-is-layout-flow\">\n<figure class=\"wp-block-image size-large\"><img loading=\"lazy\" decoding=\"async\" width=\"558\" height=\"1024\" src=\"https:\/\/vandalvan.com\/wp-content\/uploads\/2023\/01\/minivan_1-1-558x1024.jpg\" alt=\"\" class=\"wp-image-1706\" srcset=\"https:\/\/vandalvan.com\/wp-content\/uploads\/2023\/01\/minivan_1-1-558x1024.jpg 558w, https:\/\/vandalvan.com\/wp-content\/uploads\/2023\/01\/minivan_1-1-163x300.jpg 163w, https:\/\/vandalvan.com\/wp-content\/uploads\/2023\/01\/minivan_1-1-768x1411.jpg 768w, https:\/\/vandalvan.com\/wp-content\/uploads\/2023\/01\/minivan_1-1-836x1536.jpg 836w, https:\/\/vandalvan.com\/wp-content\/uploads\/2023\/01\/minivan_1-1-350x643.jpg 350w, https:\/\/vandalvan.com\/wp-content\/uploads\/2023\/01\/minivan_1-1.jpg 980w\" sizes=\"auto, (max-width: 558px) 100vw, 558px\" \/><\/figure>\n<\/div>\n\n\n\n<div class=\"wp-block-column is-layout-flow wp-block-column-is-layout-flow\">\n<figure class=\"wp-block-image size-large\"><img loading=\"lazy\" decoding=\"async\" width=\"558\" height=\"1024\" src=\"https:\/\/vandalvan.com\/wp-content\/uploads\/2023\/01\/kompakt_1-558x1024.jpg\" alt=\"\" class=\"wp-image-1704\" srcset=\"https:\/\/vandalvan.com\/wp-content\/uploads\/2023\/01\/kompakt_1-558x1024.jpg 558w, https:\/\/vandalvan.com\/wp-content\/uploads\/2023\/01\/kompakt_1-163x300.jpg 163w, https:\/\/vandalvan.com\/wp-content\/uploads\/2023\/01\/kompakt_1-768x1411.jpg 768w, https:\/\/vandalvan.com\/wp-content\/uploads\/2023\/01\/kompakt_1-836x1536.jpg 836w, https:\/\/vandalvan.com\/wp-content\/uploads\/2023\/01\/kompakt_1-350x643.jpg 350w, https:\/\/vandalvan.com\/wp-content\/uploads\/2023\/01\/kompakt_1.jpg 980w\" sizes=\"auto, (max-width: 558px) 100vw, 558px\" \/><\/figure>\n<\/div>\n\n\n\n<div class=\"wp-block-column is-layout-flow wp-block-column-is-layout-flow\">\n<figure class=\"wp-block-image size-large\"><img loading=\"lazy\" decoding=\"async\" width=\"558\" height=\"1024\" src=\"https:\/\/vandalvan.com\/wp-content\/uploads\/2023\/01\/duzy_1-1-558x1024.jpg\" alt=\"\" class=\"wp-image-1707\" srcset=\"https:\/\/vandalvan.com\/wp-content\/uploads\/2023\/01\/duzy_1-1-558x1024.jpg 558w, https:\/\/vandalvan.com\/wp-content\/uploads\/2023\/01\/duzy_1-1-163x300.jpg 163w, https:\/\/vandalvan.com\/wp-content\/uploads\/2023\/01\/duzy_1-1-768x1411.jpg 768w, https:\/\/vandalvan.com\/wp-content\/uploads\/2023\/01\/duzy_1-1-836x1536.jpg 836w, https:\/\/vandalvan.com\/wp-content\/uploads\/2023\/01\/duzy_1-1-350x643.jpg 350w, https:\/\/vandalvan.com\/wp-content\/uploads\/2023\/01\/duzy_1-1.jpg 980w\" sizes=\"auto, (max-width: 558px) 100vw, 558px\" \/><\/figure>\n<\/div>\n<\/div>\n\n\n\n<h4 class=\"wp-block-heading\">2. Baza na kampera &#8211; wymiary przestrzeni do zabudowy<\/h4>\n\n\n\n<p>Kolejne kryteria wyboru samochodu zwi\u0105zane s\u0105 z wymiarami. Poniewa\u017c minivany charakteryzuj\u0105 podobne mo\u017cliwo\u015bci zabudowy w tym punkcie zebra\u0142em dane wy\u0142\u0105cznie dotycz\u0105ce popularnych, du\u017cych samochod\u00f3w dostawczych.<\/p>\n\n\n\n<h4 class=\"wp-block-heading\">2.1. Baza na kampera &#8211; kubatura&nbsp;<\/h4>\n\n\n\n<p>Kubatura wn\u0119trza &#8211; inaczej pojemno\u015b\u0107 to jeden z najbardziej istotych parametr\u00f3w do wyboru optymalnej bazy. To kubatura b\u0119dzie decydowa\u0107 o tym na ile pomie\u015bcicie si\u0119 z Wasz\u0105 planowan\u0105 zabudow\u0105 wewn\u0105trz busa. Poni\u017cej zestawi\u0142em parametr dla najbardziej popularnych nadwozi bus\u00f3w &#8211; najlepszy wynik w kategorii zosta\u0142 pogrubiony.<\/p>\n\n\n\n<figure class=\"wp-block-table\"><table><thead><tr><th><\/th><th class=\"has-text-align-center\" data-align=\"center\">L2H2<\/th><th class=\"has-text-align-center\" data-align=\"center\">L3H2<\/th><th class=\"has-text-align-center\" data-align=\"center\">L4H2<\/th><th class=\"has-text-align-center\" data-align=\"center\">L4H3<\/th><\/tr><\/thead><tbody><tr><td><strong>Ducato\/Boxer\/Jumper&nbsp;(od 2006) <\/strong><br><strong>Movano (od 2021)<\/strong><\/td><td class=\"has-text-align-center\" data-align=\"center\"><strong>11,5<\/strong><\/td><td class=\"has-text-align-center\" data-align=\"center\">13<\/td><td class=\"has-text-align-center\" data-align=\"center\">15<\/td><td class=\"has-text-align-center\" data-align=\"center\">17<\/td><\/tr><tr><td><strong>Sprinter (od 2018)<\/strong><\/td><td class=\"has-text-align-center\" data-align=\"center\">11<\/td><td class=\"has-text-align-center\" data-align=\"center\">14*<\/td><td class=\"has-text-align-center\" data-align=\"center\">15,5*<\/td><td class=\"has-text-align-center\" data-align=\"center\">17*<\/td><\/tr><tr><td><strong>Crafter\/MAN (od 2016)<\/strong><\/td><td class=\"has-text-align-center\" data-align=\"center\">10,7<\/td><td class=\"has-text-align-center\" data-align=\"center\"><strong>14,4<\/strong><\/td><td class=\"has-text-align-center\" data-align=\"center\"><strong>16,4<\/strong><\/td><td class=\"has-text-align-center\" data-align=\"center\"><strong>18,4<\/strong><\/td><\/tr><tr><td><strong>Daily (od 2014)<\/strong><\/td><td class=\"has-text-align-center\" data-align=\"center\">10,8*<\/td><td class=\"has-text-align-center\" data-align=\"center\">12*<\/td><td class=\"has-text-align-center\" data-align=\"center\">&#8211;<\/td><td class=\"has-text-align-center\" data-align=\"center\">18*<\/td><\/tr><tr><td><strong>Master (od 2010)<\/strong><\/td><td class=\"has-text-align-center\" data-align=\"center\">10,8<\/td><td class=\"has-text-align-center\" data-align=\"center\">13<\/td><td class=\"has-text-align-center\" data-align=\"center\">14,9*<\/td><td class=\"has-text-align-center\" data-align=\"center\">17*<\/td><\/tr><tr><td><strong>Transit (od 2012)<\/strong><\/td><td class=\"has-text-align-center\" data-align=\"center\">10<\/td><td class=\"has-text-align-center\" data-align=\"center\">11<\/td><td class=\"has-text-align-center\" data-align=\"center\">&#8211;<\/td><td class=\"has-text-align-center\" data-align=\"center\">15,1*<\/td><\/tr><\/tbody><\/table><figcaption class=\"wp-element-caption\">*kubatura w m3 w zale\u017cno\u015bci od wersji nap\u0119du FWD lub je\u017celi nie wyst\u0119puje RWD oznaczony *<\/figcaption><\/figure>\n\n\n\n<p><\/p>\n\n\n\n<h4 class=\"wp-block-heading\">2.2. Baza na kampera &#8211; d\u0142ugo\u015b\u0107&nbsp;<\/h4>\n\n\n\n<p>Parametr d\u0142ugo\u015bci producenci podaj\u0105 jako oznaczenie L1\/L2\/L3\/L4\/L5. Jak mo\u017cecie zaobserwowa\u0107 samochody Ducato (i odpowiedniki) s\u0105 stosunkowo najkr\u00f3tsze. Bior\u0105c pod uwag\u0119 analiz\u0119 decyduj\u0105cego czynnika jakim jest kubatura, d\u0142ugo\u015b\u0107 samochodu zasadniczo jest elementem kt\u00f3rego analiz\u0119 warto rozpatrywa\u0107 pod k\u0105tem mo\u017cliwo\u015bci parkingowych. <\/p>\n\n\n\n<figure class=\"wp-block-table\"><table><thead><tr><th><\/th><th class=\"has-text-align-center\" data-align=\"center\">L2<\/th><th class=\"has-text-align-center\" data-align=\"center\">L3<\/th><th class=\"has-text-align-center\" data-align=\"center\">L4<\/th><\/tr><\/thead><tbody><tr><td><strong>Ducato\/Boxer\/Jumper&nbsp;(od 2006) <\/strong><br><strong>Movano (od 2021)<\/strong><\/td><td class=\"has-text-align-center\" data-align=\"center\">540<\/td><td class=\"has-text-align-center\" data-align=\"center\">600<\/td><td class=\"has-text-align-center\" data-align=\"center\">640<\/td><\/tr><tr><td><strong>Sprinter (od 2018)<\/strong><\/td><td class=\"has-text-align-center\" data-align=\"center\">590<\/td><td class=\"has-text-align-center\" data-align=\"center\"><strong>700<\/strong><\/td><td class=\"has-text-align-center\" data-align=\"center\"><strong>740<\/strong><\/td><\/tr><tr><td><strong>Crafter\/MAN (od 2016)<\/strong><\/td><td class=\"has-text-align-center\" data-align=\"center\"><strong>600<\/strong><\/td><td class=\"has-text-align-center\" data-align=\"center\">680<\/td><td class=\"has-text-align-center\" data-align=\"center\"><strong>740<\/strong><\/td><\/tr><tr><td><strong>Daily (od 2014)<\/strong><\/td><td class=\"has-text-align-center\" data-align=\"center\">560<\/td><td class=\"has-text-align-center\" data-align=\"center\">600<\/td><td class=\"has-text-align-center\" data-align=\"center\">710<\/td><\/tr><tr><td><strong>Master (od 2010)<\/strong><\/td><td class=\"has-text-align-center\" data-align=\"center\">560<\/td><td class=\"has-text-align-center\" data-align=\"center\">620<\/td><td class=\"has-text-align-center\" data-align=\"center\">690<\/td><\/tr><tr><td><strong>Transit (od 2012)<\/strong><\/td><td class=\"has-text-align-center\" data-align=\"center\">550<\/td><td class=\"has-text-align-center\" data-align=\"center\">600<\/td><td class=\"has-text-align-center\" data-align=\"center\">670<\/td><\/tr><\/tbody><\/table><figcaption class=\"wp-element-caption\">*w tabeli w centymetrach podano d\u0142ugo\u015b\u0107 vana<\/figcaption><\/figure>\n\n\n\n<p><\/p>\n\n\n\n<p>Poni\u017cej r\u00f3wnie\u017c informacje na temat \u015brednicy zawracania, kt\u00f3ra jest bezpo\u015brednio powi\u0105zana z rozstawem osi. Nale\u017cy r\u00f3wnie\u017c pami\u0119ta\u0107, \u017ce realna \u015brednica zawracania do \u015bciany do \u015bciany &#8211; uwzgl\u0119dniaj\u0105ca ca\u0142kowit\u0105 d\u0142ugo\u015b\u0107 samochodu jest znacz\u0105co wi\u0119ksza, szczeg\u00f3lnie dla samochod\u00f3w w wersji L4. \u015arednica zawracania b\u0119dzie decydowa\u0107 o komforcie manewrowania i parkowania samochodu &#8211; warto busy o mo\u017cliwie najmniejszym rozstawie osi.<\/p>\n\n\n\n<p>Przyk\u0142adowe zestawienie \u015brednicy zawracania:<\/p>\n\n\n\n<p><strong>Ducato L2<\/strong> &#8211; 12,5 m (rozstaw osi 3450 mm)<br><strong>VW Transporter LONG<\/strong> &#8211; 13,2 m (rozstaw osi 3400 mm)<br><strong>Ducato L3<\/strong> &#8211; 14,5 m (rozstaw osi 4050 mm)<br><strong>Master L3<\/strong> &#8211; 15,7 m (rozstaw osi 4330 mm) w wersji FWD oraz 13,6 m (rozstaw 3680 mm) w wersji RWD lub AWD<br><strong>Sprinter L4<\/strong> &#8211; 15,3 m (rozstaw osi 4325 mm)<\/p>\n\n\n\n<h4 class=\"wp-block-heading\">2.3. Baza na kampera &#8211; stosunek kubatury do d\u0142ugo\u015bci&nbsp;<\/h4>\n\n\n\n<p>Dla oceny efektywnego wykorzystania powierzchni \u0142adunkowej, a wi\u0119c przestrzeni kt\u00f3r\u0105 b\u0119dziecie zabudowywa\u0107 &#8211; warto przyjrze\u0107 si\u0119 stosunkowi kubatury do d\u0142ugo\u015bci. W poni\u017cszej tabeli obliczy\u0142em wsp\u00f3\u0142czynnik, kt\u00f3ry jest pomocny do zaobserowowania tej cechy. Najlepszy wynik w danej kategorii zosta\u0142 pogrubiony.<\/p>\n\n\n\n<figure class=\"wp-block-table\"><table><thead><tr><th><\/th><th class=\"has-text-align-center\" data-align=\"center\">L2H2<\/th><th class=\"has-text-align-center\" data-align=\"center\">L3H2<\/th><\/tr><\/thead><tbody><tr><td><strong>Ducato\/Boxer\/Jumper&nbsp;(od 2006) <\/strong><br><strong>Movano (od 2021)<\/strong><\/td><td class=\"has-text-align-center\" data-align=\"center\"><strong>2,1<\/strong><\/td><td class=\"has-text-align-center\" data-align=\"center\"><strong>2,2<\/strong><\/td><\/tr><tr><td><strong>Sprinter (od 2018)<\/strong><\/td><td class=\"has-text-align-center\" data-align=\"center\">1,9<\/td><td class=\"has-text-align-center\" data-align=\"center\">2,0*<\/td><\/tr><tr><td><strong>Crafter\/MAN (od 2016)<\/strong><\/td><td class=\"has-text-align-center\" data-align=\"center\">1,8<\/td><td class=\"has-text-align-center\" data-align=\"center\">2,1<\/td><\/tr><tr><td><strong>Daily (od 2014)<\/strong><\/td><td class=\"has-text-align-center\" data-align=\"center\">1,9*<\/td><td class=\"has-text-align-center\" data-align=\"center\">2,0*<\/td><\/tr><tr><td><strong>Master (od 2010)<\/strong><\/td><td class=\"has-text-align-center\" data-align=\"center\">1,9<\/td><td class=\"has-text-align-center\" data-align=\"center\">2,1<\/td><\/tr><tr><td><strong>Transit (od 2012)<\/strong><\/td><td class=\"has-text-align-center\" data-align=\"center\">1,8<\/td><td class=\"has-text-align-center\" data-align=\"center\">1,9<\/td><\/tr><tr><td><strong>VW T6 long wysoki<\/strong><\/td><td class=\"has-text-align-center\" data-align=\"center\">1,3<\/td><td class=\"has-text-align-center\" data-align=\"center\"><\/td><\/tr><\/tbody><\/table><figcaption class=\"wp-element-caption\">*wsp\u00f3\u0142czynnik obrazuj\u0105cy stosunek kubatury do d\u0142ugo\u015bci samochodu dla nap\u0119du FWD (je\u017celi nie wyst\u0119puje podano dla RWD i oznaczono *)<\/figcaption><\/figure>\n\n\n\n<h4 class=\"wp-block-heading\">2.4. Baza na kampera &#8211; szeroko\u015b\u0107<\/h4>\n\n\n\n<p>Pod k\u0105tem szeroko\u015bci u\u017cytecznej do zabudowy oraz zw\u0119\u017cania si\u0119 w kierunku sufitu wygrywa Ducato (i pokrewne) &#8211; ten parametr opr\u00f3cz mo\u017cliwo\u015bci poprzecznej orientacji \u0142\u00f3\u017cka, stwarza warunki do wykonania bardziej przestronnej zabudowy. Samochodem, kt\u00f3ry ca\u0142kiem dobrze wypada w tym rankingu jest tak\u017ce nowy Crafter (i pokrewny MAN).<\/p>\n\n\n\n<figure class=\"wp-block-table\"><table><thead><tr><th><\/th><th class=\"has-text-align-center\" data-align=\"center\"><strong>Szeroko\u015b\u0107 u\u017cyteczna<\/strong><\/th><th class=\"has-text-align-center\" data-align=\"center\"><strong>Wsp\u00f3\u0142czynnik<\/strong><br><strong>szeroko\u015bci sufitu<\/strong><\/th><\/tr><\/thead><tbody><tr><td><strong>Ducato\/Boxer\/Jumper&nbsp;(od 2006)<\/strong><br><strong>Movano (od 2021)<\/strong><\/td><td class=\"has-text-align-center\" data-align=\"center\"><strong>187<\/strong><\/td><td class=\"has-text-align-center\" data-align=\"center\"><strong>ok 90%<\/strong><\/td><\/tr><tr><td><strong><strong>Sprinter (od 2018)<\/strong><\/strong> <\/td><td class=\"has-text-align-center\" data-align=\"center\">179<\/td><td class=\"has-text-align-center\" data-align=\"center\">ok 80%<\/td><\/tr><tr><td><strong>Crafter\/MAN (od 2016)<\/strong><\/td><td class=\"has-text-align-center\" data-align=\"center\">183<\/td><td class=\"has-text-align-center\" data-align=\"center\">ok 84%<\/td><\/tr><tr><td><strong><strong>Daily (od 2014)<\/strong><\/strong><\/td><td class=\"has-text-align-center\" data-align=\"center\">180<\/td><td class=\"has-text-align-center\" data-align=\"center\">ok 82%<\/td><\/tr><tr><td><strong><strong>Master (od 2010)<\/strong><\/strong><\/td><td class=\"has-text-align-center\" data-align=\"center\">176<\/td><td class=\"has-text-align-center\" data-align=\"center\">ok 82%<\/td><\/tr><tr><td><strong><strong>Transit (od 2012)<\/strong><\/strong><\/td><td class=\"has-text-align-center\" data-align=\"center\">178<\/td><td class=\"has-text-align-center\" data-align=\"center\">ok 86%<\/td><\/tr><\/tbody><\/table><figcaption class=\"wp-element-caption\">* szeroko\u015b\u0107 w centymetrach<\/figcaption><\/figure>\n\n\n\n<figure class=\"wp-block-image size-full\"><a href=\"https:\/\/vanclan.pl\/\"><img loading=\"lazy\" decoding=\"async\" width=\"1000\" height=\"400\" src=\"https:\/\/vandalvan.com\/wp-content\/uploads\/2024\/11\/Poznaj-VANClan-spolecznosc.png\" alt=\"\" class=\"wp-image-2502\" srcset=\"https:\/\/vandalvan.com\/wp-content\/uploads\/2024\/11\/Poznaj-VANClan-spolecznosc.png 1000w, https:\/\/vandalvan.com\/wp-content\/uploads\/2024\/11\/Poznaj-VANClan-spolecznosc-300x120.png 300w, https:\/\/vandalvan.com\/wp-content\/uploads\/2024\/11\/Poznaj-VANClan-spolecznosc-768x307.png 768w, https:\/\/vandalvan.com\/wp-content\/uploads\/2024\/11\/Poznaj-VANClan-spolecznosc-350x140.png 350w\" sizes=\"auto, (max-width: 706px) 89vw, (max-width: 767px) 82vw, 740px\" \/><\/a><\/figure>\n\n\n\n<div class=\"wp-block-buttons is-content-justification-center is-layout-flex wp-container-core-buttons-is-layout-28206b41 wp-block-buttons-is-layout-flex\">\n<div class=\"wp-block-button has-custom-width wp-block-button__width-50 has-custom-font-size has-small-font-size\"><a class=\"wp-block-button__link has-vivid-cyan-blue-background-color has-background wp-element-button\" href=\"https:\/\/vanclan.pl\/\"><strong>VANClan &#8211; zobacz wi\u0119cej<\/strong><\/a><\/div>\n<\/div>\n\n\n\n<h4 class=\"wp-block-heading\">2.5. Baza na kampera &#8211; wysoko\u015b\u0107<\/h4>\n\n\n\n<p>Parametr wysoko\u015bci jest istotny dla komfortu &#8211; ma to szczeg\u00f3lne znaczenie dla os\u00f3b wysokich. Wygodne przemieszczanie si\u0119 w \u015brodku, prysznic, czy gotowanie &#8211; wymagaj\u0105 wysoko\u015bci dostosowanej do jego u\u017cytkownik\u00f3w. Wysoko\u015b\u0107 samochodu przez producent\u00f3w oznaczona jest skr\u00f3tem H1\/H2\/H3. Warto jednak zapozna\u0107 si\u0119 dok\u0142adnie z danymi technicznymi. Dost\u0119pna wysoko\u015b\u0107 wewn\u0105trz paki opr\u00f3cz marki samochodu zale\u017cna jest od rodzaju nap\u0119du. Samochody z tylnym nap\u0119dem lub 4&#215;4 dysponuj\u0105 mniejsz\u0105 wysoko\u015bci\u0105 ni\u017c ich odpowiedniki z nap\u0119dem na prz\u00f3d.<\/p>\n\n\n\n<p>Na ca\u0142kowit\u0105 wysoko\u015b\u0107 vana koniecznie trzeba natomiast zwr\u00f3ci\u0107 uwag\u0119 planuj\u0105c dalsze podr\u00f3\u017ce z transportem samochodu w kontenerze np. Ameryka Pn\/Pd, Australia.<\/p>\n\n\n\n<figure class=\"wp-block-table\"><table><thead><tr><th><\/th><th class=\"has-text-align-center\" data-align=\"center\"><strong>H2<\/strong><\/th><th class=\"has-text-align-center\" data-align=\"center\"><strong>H3<\/strong><\/th><\/tr><\/thead><tbody><tr><td><strong>Ducato\/Boxer\/Jumper&nbsp;(od 2006)<\/strong><br><strong>Movano (od 2021)<\/strong><\/td><td class=\"has-text-align-center\" data-align=\"center\">193 | &#8211;<\/td><td class=\"has-text-align-center\" data-align=\"center\">217 | &#8211;<\/td><\/tr><tr><td><strong><strong><strong>Sprinter (od 2018)<\/strong><\/strong> <\/strong><\/td><td class=\"has-text-align-center\" data-align=\"center\"><strong>208 | 201<\/strong><\/td><td class=\"has-text-align-center\" data-align=\"center\"><strong>&#8211; | 224<\/strong><\/td><\/tr><tr><td><strong>Crafter\/MAN (od 2016)<\/strong><\/td><td class=\"has-text-align-center\" data-align=\"center\">196 | 186<\/td><td class=\"has-text-align-center\" data-align=\"center\">219 | 209<\/td><\/tr><tr><td><strong><strong><strong>Daily (od 2014)<\/strong><\/strong><\/strong><\/td><td class=\"has-text-align-center\" data-align=\"center\">&#8211; | 190<\/td><td class=\"has-text-align-center\" data-align=\"center\">&#8211; | 210<\/td><\/tr><tr><td><strong><strong><strong>Master (od 2010)<\/strong><\/strong><\/strong><\/td><td class=\"has-text-align-center\" data-align=\"center\">182 | 172<\/td><td class=\"has-text-align-center\" data-align=\"center\">214 | 205<\/td><\/tr><tr><td><strong><strong><strong>Transit (od 2012)<\/strong><\/strong><\/strong><\/td><td class=\"has-text-align-center\" data-align=\"center\">188 | 178<\/td><td class=\"has-text-align-center\" data-align=\"center\">213 | 203<\/td><\/tr><\/tbody><\/table><figcaption class=\"wp-element-caption\">*w tabeli w centymetrach podano wysoko\u015b\u0107 vana (w wersji FWD | w wersji RWD)<\/figcaption><\/figure>\n\n\n\n<h4 class=\"wp-block-heading\">3. Waga kampera<\/h4>\n\n\n\n<p>Jest to jeden z trudniejszych temat\u00f3w w \u015bwiecie caravaningu &#8211; przeci\u0105\u017cenie kamper\u00f3w to chleb powszedni. Fabryki kamper\u00f3w staraj\u0105 si\u0119 odchudza\u0107 zabudowy jak mog\u0105 &#8211; niestety cz\u0119sto kosztem jako\u015bci. Stosowanie lekkich plastikowych materia\u0142\u00f3w sprawia, \u017ce zabudowa jest szczeg\u00f3lnie wra\u017cliwa na uszkodzenia.<\/p>\n\n\n\n<p>Wykonuj\u0105c kampera indywidualnie cz\u0119\u015bciej stosowane s\u0105 solidniejsze i ci\u0119\u017csze materia\u0142y. Trzeba jednak zawsze mie\u0107 na wzgl\u0119dzie mo\u017cliwo\u015bci bazy na kt\u00f3r\u0105 si\u0119 zdecydujemy.&nbsp;<\/p>\n\n\n\n<p>Poni\u017cej zestawi\u0142em maksymalne \u0142adowno\u015bci samochod\u00f3w dla wersji DMC do 3,5 tony. Nale\u017cy pami\u0119ta\u0107, \u017ce do ca\u0142kowitej masy auta po zabudowie nale\u017cy uwzgl\u0119dni\u0107 zapas oko\u0142o 500 kg (4 pasa\u017cer\u00f3w &#8211; \u015brednio po 80kg \/ 80 kg pe\u0142ny zbiornik paliwa \/ 100 kg pe\u0142ny zbiornik wody).<\/p>\n\n\n\n<figure class=\"wp-block-table\"><table><thead><tr><th>Baza na kampera<\/th><th class=\"has-text-align-center\" data-align=\"center\"><strong>L2H2<\/strong><\/th><th class=\"has-text-align-center\" data-align=\"center\"><strong>L3H2<\/strong><\/th><th class=\"has-text-align-center\" data-align=\"center\"><strong>L4H3<\/strong><\/th><\/tr><\/thead><tbody><tr><td><strong>Ducato\/Boxer\/Jumper&nbsp;(od 2006) <\/strong><br><strong>Movano (od 2021)<\/strong><\/td><td class=\"has-text-align-center\" data-align=\"center\"><strong>1500 (FWD)<\/strong><\/td><td class=\"has-text-align-center\" data-align=\"center\"><strong>1450 (FWD)<\/strong><\/td><td class=\"has-text-align-center\" data-align=\"center\"><strong>1400 (FWD)<\/strong><\/td><\/tr><tr><td><strong>Sprinter<\/strong><strong>(od 2018)<\/strong><\/td><td class=\"has-text-align-center\" data-align=\"center\">1250 (RWD)<\/td><td class=\"has-text-align-center\" data-align=\"center\">1100 (RWD)<\/td><td class=\"has-text-align-center\" data-align=\"center\">1050 (RWD)<\/td><\/tr><tr><td><strong>Crafter\/MAN<\/strong><strong>(od 2016)<\/strong><\/td><td class=\"has-text-align-center\" data-align=\"center\">1250 (FWD)<br>1050 (RWD)<\/td><td class=\"has-text-align-center\" data-align=\"center\">1150 (FWD)<\/td><td class=\"has-text-align-center\" data-align=\"center\">1100 (FWD)<\/td><\/tr><tr><td><strong>Daily<\/strong><strong>(od 2014)<\/strong><\/td><td class=\"has-text-align-center\" data-align=\"center\">1300 (RWD)<\/td><td class=\"has-text-align-center\" data-align=\"center\">1100 (RWD)<\/td><td class=\"has-text-align-center\" data-align=\"center\">1050 (RWD)<\/td><\/tr><tr><td><strong>Master<\/strong><strong>(od 2010)<\/strong><\/td><td class=\"has-text-align-center\" data-align=\"center\"><strong>1500 (FWD)<\/strong><\/td><td class=\"has-text-align-center\" data-align=\"center\"><strong>1450 (FWD)<\/strong><\/td><td class=\"has-text-align-center\" data-align=\"center\">1150 (RWD)<\/td><\/tr><tr><td><strong>Transit<\/strong><strong>(od 2012)<\/strong><\/td><td class=\"has-text-align-center\" data-align=\"center\">1450 (FWD)<br>1300 (RWD)<\/td><td class=\"has-text-align-center\" data-align=\"center\">1400 (FWD)<\/td><td class=\"has-text-align-center\" data-align=\"center\">1200 (RWD)<\/td><\/tr><\/tbody><\/table><figcaption class=\"wp-element-caption\">*w tabeli w kg dopuszczalna \u0142adowno\u015b\u0107 bez uwzgl\u0119dnienia masy pasa\u017cer\u00f3w i zbiornik\u00f3w paliwa\/wody (w nawiasie rodzaj nap\u0119du)<\/figcaption><\/figure>\n\n\n\n\n\n<p>Bior\u0105c pod uwag\u0119 powy\u017csze, wida\u0107, \u017ce samochody z przednim nap\u0119dem maj\u0105 najwi\u0119kszy zapas masy do zagospodarowania na zabudow\u0119. Wybieraj\u0105c tylny nap\u0119d lub 4&#215;4 trzeba szczeg\u00f3lnie uwa\u017ca\u0107, aby nie przekroczy\u0107 DMC 3,5 tony. Jest to istotne zar\u00f3wno na etapie przegl\u0105du podczas zmiany kategorii na specjalny kempingowy jak i podczas u\u017cytkowania.&nbsp;<\/p>\n\n\n\n<h4 class=\"wp-block-heading\"><strong>4. Wyb\u00f3r rodzaju nap\u0119du<\/strong><\/h4>\n\n\n\n<p>Jedna najpopularniejszych baz do budowy kampera, czyli Ducato (i pokrewne) dysponuje nap\u0119dem wy\u0142\u0105cznie na przedni\u0105 osi. Taki nap\u0119d opr\u00f3cz zalet (waga i kubatura przestrzeni \u0142adunkowej) ma zasadniczo najwi\u0119ksz\u0105 wad\u0119 czyli gorsze w\u0142a\u015bciwo\u015bci jezdne w terenie czy na trudniejszych podjazdach i gorszej przyczepno\u015bci.<\/p>\n\n\n\n<p>W takich warunkach \u015bwietnie sprawdzi si\u0119 nap\u0119d RWD (na tyln\u0105 o\u015b), kt\u00f3ry w przypadku du\u017cego gabarytu i ci\u0119\u017ckiego samochodu jakim jest kamper dobrze radzi sobie r\u00f3wnie\u017c w warunkach umiarkowanie terenowych. Mo\u017cna pokusi\u0107 si\u0119 o tez\u0119, \u017ce nap\u0119d RWD w zasadzie podwa\u017ca sens wybierania dro\u017cszego nap\u0119du AWD (na wszystkie ko\u0142a).<\/p>\n\n\n\n<p>Je\u017celi jednak kto\u015b posiada ambicje jazdy w bardziej skomplikowanym terenie i b\u0119dzie dysponowa\u0107 odpowiednio du\u017cym bud\u017cetem &#8211; powinien rozwa\u017cy\u0107 zakup pojazdu z \u201cprawdziwym\u201d 4X4. Warto wtedy wybra\u0107 vana z blokadami most\u00f3w i podda\u0107 go modyfikacjom zwi\u0105zanym z podniesieniem fabrycznego zawieszenia. Cho\u0107 tutaj r\u00f3wnie\u017c trzeba mie\u0107 na uwadze, \u017ce 3,5 tonowy van &#8211; nigdy nie b\u0119dzie samochodem prawdziwie terenowym. A zmieszczenie si\u0119 w DMC 3,5 tony &#8211; stanowi nie lada wyczyn.<\/p>\n\n\n\n<h4 class=\"wp-block-heading\"><strong>5. Wyb\u00f3r silnika<\/strong><\/h4>\n\n\n\n<p>Je\u017celi chcemy wybra\u0107 bezpiecznie, warto zwr\u00f3ci\u0107 uwag\u0119 na jednostki obecne na rynku od lat. W\u00f3wczas nasze decyzje powinni\u015bmy poprzedzi\u0107 rozmowami z mechanikami specjalizuj\u0105cymi si\u0119 w naprawach van\u00f3w, kt\u00f3rymi jeste\u015bmy zainteresowani.<\/p>\n\n\n\n<p>Obecnie w zwi\u0105zku z przepisami akcyzowymi (kt\u00f3re nak\u0142adaj\u0105 obowi\u0105zek daniny w momencie zmiany przeznaczenie pojazdu z ci\u0119\u017carowego na specjalny kempingowy &#8211; dotyczy r\u00f3wnie\u017c samochod\u00f3w krajowych) &#8211; mocno kusi wyb\u00f3r jednostki poni\u017cej 2000 cm3.<\/p>\n\n\n\n<p>Takie silniki montowane s\u0105 aktualnie wy\u0142\u0105cznie w VW Crafter\/MAN oraz Fordzie Transicie &#8211; niestety nie posiadam informacji nt. \u017cywotno\u015bci. Sam rozwa\u017ca\u0142em i szeroko konsultowa\u0142em wyb\u00f3r silnika 2.0 montowanego do 2020 roku w Boxer\/Jumper &#8211; jednak bior\u0105c pod uwag\u0119 negatywne rekomendacje 4 mechanik\u00f3w &#8211; odrzuci\u0142em ten pomys\u0142.<\/p>\n\n\n\n<div class=\"wp-block-columns is-layout-flex wp-container-core-columns-is-layout-9d6595d7 wp-block-columns-is-layout-flex\">\n<div class=\"wp-block-column is-layout-flow wp-block-column-is-layout-flow\" style=\"flex-basis:66.66%\">\n<p><strong>Z mojego do\u015bwiadczenia z Ducato (i pokrewnymi) jedyne silniki jakie m\u00f3g\u0142bym poleci\u0107 to jednostki Iveco 3.0 montowane w Jumper\/Boxer\/Ducato oraz 2.3 w Ducato.<\/strong><\/p>\n\n\n\n<p>Dla pozosta\u0142ych van\u00f3w warto przeprowadzi\u0107 w\u0142asny wywiad. Pami\u0119taj\u0105c o tym, aby opinie budowa\u0107 nie na podstawie jednostkowych u\u017cytkownik\u00f3w i sprzedawc\u00f3w, lecz do\u015bwiadczonych warsztat\u00f3w, dobrze znaj\u0105cych \u201cbol\u0105czki\u201d poszczeg\u00f3lnych jednostek nap\u0119dowych.<\/p>\n<\/div>\n\n\n\n<div class=\"wp-block-column is-layout-flow wp-block-column-is-layout-flow\" style=\"flex-basis:33.33%\">\n<figure class=\"wp-block-image size-full\"><img loading=\"lazy\" decoding=\"async\" width=\"1000\" height=\"1000\" src=\"https:\/\/vandalvan.com\/wp-content\/uploads\/2023\/01\/silnik.jpg\" alt=\"silnik kamper\" class=\"wp-image-1709\" srcset=\"https:\/\/vandalvan.com\/wp-content\/uploads\/2023\/01\/silnik.jpg 1000w, https:\/\/vandalvan.com\/wp-content\/uploads\/2023\/01\/silnik-300x300.jpg 300w, https:\/\/vandalvan.com\/wp-content\/uploads\/2023\/01\/silnik-150x150.jpg 150w, https:\/\/vandalvan.com\/wp-content\/uploads\/2023\/01\/silnik-768x768.jpg 768w, https:\/\/vandalvan.com\/wp-content\/uploads\/2023\/01\/silnik-100x100.jpg 100w, https:\/\/vandalvan.com\/wp-content\/uploads\/2023\/01\/silnik-250x250.jpg 250w, https:\/\/vandalvan.com\/wp-content\/uploads\/2023\/01\/silnik-350x350.jpg 350w\" sizes=\"auto, (max-width: 706px) 89vw, (max-width: 767px) 82vw, 740px\" \/><\/figure>\n<\/div>\n<\/div>\n\n\n\n<p><strong>Zestawienie obecnie sprzedawanych silnik\u00f3w dla analizowanych baz poni\u017cej:<\/strong><br><strong>Fiat Ducato &#8211; <\/strong>Multijet3 2,2 l &#8211; wersje 120\/140\/160\/180KM (nowy silnik Fiata)<br><strong>Peugeot Boxer \/ Citroen Jumper \/ Opel Movano &#8211; <\/strong>BlueHDi 2,2 l &#8211; wersje 120\/140\/165KM<br><strong>Mercedes Sprinter &#8211; <\/strong>CDI 2,1 l &#8211; wersje 114\/150\/170KM<br><strong>VW Crafter \/ MAN &#8211; <\/strong>TDI 2,0 l &#8211; wersje 102\/140\/177KM (<span style=\"text-decoration: underline;\">akcyza 3,1%<\/span>)<br><strong>Iveco<\/strong> <strong>Daily &#8211; <\/strong>2,3l &#8211; wersje 116\/136\/156KM oraz 3,0l &#8211; wersje 160\/180\/210KM<br><strong>Renault<\/strong> <strong>Master &#8211; <\/strong>dCi 2,3l &#8211; wersje 135\/150\/180KM<br><strong>Ford<\/strong> <strong>Transit &#8211; <\/strong>EcoBlue 2,0l &#8211; wersje 105\/130\/170\/185KM (<span style=\"text-decoration: underline;\">akcyza 3,1%<\/span>)<\/p>\n\n\n\n<h4 class=\"wp-block-heading\">PODSUMOWANIE<\/h4>\n\n\n\n<p>W poni\u017cej tabeli zestawi\u0142em najwa\u017cniejsze cechy przemawiaj\u0105ce za wyborem danej bazy.<\/p>\n\n\n\n<figure class=\"wp-block-table\"><table><tbody><tr><td><strong>Ducato\/Boxer\/Jumper (&gt;2006)<br>Movano (&gt;2021)<\/strong><\/td><td>&#8211; Stosunek d\u0142ugo\u015bci do kubatury <br>&#8211; Szeroko\u015b\u0107 wn\u0119trza i pionowo\u015b\u0107 \u015bcian bocznych <br>&#8211; Najwi\u0119ksza dopuszczalna \u0142adowno\u015b\u0107 <br>&#8211; Najlepsza dost\u0119pno\u015b\u0107 dedykowanych cz\u0119\u015bci do zabudowy<\/td><\/tr><tr><td><strong>Sprinter (&gt;2018)<\/strong><\/td><td>&#8211; Wysoko\u015b\u0107 wn\u0119trza <br>&#8211; Nap\u0119d na ty\u0142 oraz 4&#215;4<\/td><\/tr><tr><td><strong>Crafter\/MAN (&gt;2016)<\/strong><\/td><td>&#8211; Silnik 2,0 (akcyza 3%)&nbsp; <br>&#8211; Szeroko\u015b\u0107 wn\u0119trza i pionowo\u015b\u0107 \u015bcian bocznych <br>&#8211; Najlepsza kubatura &gt;L3 <br>&#8211; Nap\u0119d na ty\u0142 oraz AWD<\/td><\/tr><tr><td><strong>Daily (&gt;2014)<\/strong><\/td><td>&#8211; Solidne silniki <br>&#8211; Nap\u0119d na ty\u0142 oraz solidny 4&#215;4<\/td><\/tr><tr><td><strong>Master (&gt;2010)<\/strong><\/td><td>&#8211; \u0141adowno\u015b\u0107 dla nap\u0119d\u00f3w na prz\u00f3d <br>&#8211; Nap\u0119d na ty\u0142 oraz 4&#215;4 Oberaigner<\/td><\/tr><tr><td><strong>Transit (&gt;2012)<\/strong><\/td><td>&#8211; Silnik 2,0 (akcyza 3%) <br>&#8211; Nap\u0119d na ty\u0142 oraz AWD<\/td><\/tr><\/tbody><\/table><\/figure>\n\n\n\n<h4 class=\"wp-block-heading\">7. Baza na kampera &#8211; zakup u\u017cywanego samochodu<\/h4>\n\n\n\n<p>Kiedy decyzja dotycz\u0105ca kierunku poszukiwa\u0144 zosta\u0142a podj\u0119ta &#8211; czas przej\u015b\u0107 do zanalezienia odpowiedniego egzemplarza. Poni\u017cej przygotowa\u0142em dla Was mini list\u0119 porad dla przeprowadzenia zakupu u\u017cywanej bazy na kampera.<\/p>\n\n\n\n<div class=\"wp-block-columns is-layout-flex wp-container-core-columns-is-layout-9d6595d7 wp-block-columns-is-layout-flex\">\n<div class=\"wp-block-column is-layout-flow wp-block-column-is-layout-flow\" style=\"flex-basis:100%\">\n<p>1. Zwr\u00f3\u0107 szczeg\u00f3ln\u0105 uwag\u0119 na stan blacharki (skupiaj\u0105c si\u0119 na stanie prog\u00f3w, a je\u017celi jest taka mo\u017cliwo\u015b\u0107 \u015bci\u0105gnij r\u00f3wnie\u017c cz\u0119\u015b\u0107 plastikowych listew bocznych).<\/p>\n\n\n\n<p>2. Sprawd\u017a stan zawieszenia i hamulc\u00f3w w serwisie, \u017ceby oszacowa\u0107 niezb\u0119dne nak\u0142ady pocz\u0105tkowe (wymiana pask\u00f3w, oleju, filtr\u00f3w to standard po zakupie).<\/p>\n\n\n\n<p>3. Sprawdz samoch\u00f3d w bazie na podstawie VIN, OC lub z rzeczoznawc\u0105.<\/p>\n\n\n\n<p>4. Kupuj bezpo\u015brednio od sprzedaj\u0105cego, najlepiej od firm wystawiaj\u0105cych faktur\u0119 (unikaj zawierania um\u00f3w kupna przez po\u015brednik\u00f3w prywatnych).<\/p>\n\n\n\n<p>5. Wydrukuj check-list\u0119 zakupu samochodu i sprawd\u017a wszystkie elementy zewn\u0119trzne oraz wyposa\u017cenie.<\/p>\n\n\n\n<p>6. Nie zaw\u0119\u017caj poszukiwa\u0144 do samochod\u00f3w z przeszkleniem drzwi bocznych\/tylnych &#8211; wprawienie szyb samochodowych to niewielki koszt.<\/p>\n\n\n\n<p>7. Zwr\u00f3\u0107 uwag\u0119 na dopuszczaln\u0105 mas\u0119 samochodu (wyst\u0119puj\u0105 busy z DMC 3000 kg oraz 3300 kg).<\/p>\n\n\n\n<p>8. Sposobem na zmniejszenie lub brak konieczno\u015bci zap\u0142aty akcyzy, jest zakup samochodu z silnikiem poni\u017cej 2000 cm3 (uwagi wy\u017cej w artykule) lub wyb\u00f3r auta przerejestrowanego wcze\u015bniej na specjalny kempingowy lub osobowy.<\/p>\n\n\n\n<p>9. Szukaj samochodu z mo\u017cliwie niskim przebiegiem &#8211; to czynnik kt\u00f3ry mocno decyduje o cenie auta i mo\u017cliwo\u015bci jego przysz\u0142ej odsprzeda\u017cy.<\/p>\n\n\n\n<p>10. Zamiast od razu podejmowa\u0107 decyzj\u0119, warto sprawdzi\u0107 samoch\u00f3d i oszacowa\u0107 koszt ewentualnych napraw pocz\u0105tkowych. Dobr\u0105 praktyk\u0105 jest z\u0142o\u017cenie oferty dopiero, kiedy b\u0119dziesz m\u00f3g\u0142 na ch\u0142odno wszystko skalkulowa\u0107 i por\u00f3wna\u0107 z innymi ofertami.<\/p>\n<\/div>\n<\/div>\n\n\n\n<p><strong>Zapraszam Ci\u0119 r\u00f3wnie\u017c do obejrzenia odcinka na <a rel=\"noreferrer noopener\" href=\"https:\/\/www.youtube.com\/@vandalvan\" target=\"_blank\">YouTube<\/a><\/strong>. <strong>W odcinku omawiam zagadnienie zwi\u0105zane z wyborem busa na kampera oraz prezentuje narz\u0119dzia wspieraj\u0105ce wyb\u00f3r bazy.<\/strong><\/p>\n\n\n\n<figure class=\"wp-block-image size-large\"><a href=\"https:\/\/youtu.be\/DbgXOFmxNHI\"><img loading=\"lazy\" decoding=\"async\" width=\"1024\" height=\"576\" src=\"https:\/\/vandalvan.com\/wp-content\/uploads\/2023\/01\/okladka-1024x576.jpg\" alt=\"\" class=\"wp-image-1731\" srcset=\"https:\/\/vandalvan.com\/wp-content\/uploads\/2023\/01\/okladka-1024x576.jpg 1024w, https:\/\/vandalvan.com\/wp-content\/uploads\/2023\/01\/okladka-300x169.jpg 300w, https:\/\/vandalvan.com\/wp-content\/uploads\/2023\/01\/okladka-768x432.jpg 768w, https:\/\/vandalvan.com\/wp-content\/uploads\/2023\/01\/okladka-1536x864.jpg 1536w, https:\/\/vandalvan.com\/wp-content\/uploads\/2023\/01\/okladka-2048x1152.jpg 2048w, https:\/\/vandalvan.com\/wp-content\/uploads\/2023\/01\/okladka-350x197.jpg 350w\" sizes=\"auto, (max-width: 706px) 89vw, (max-width: 767px) 82vw, 740px\" \/><\/a><\/figure>\n\n\n\n<p><strong>Prezentacje omawian\u0105 w odcinku mo\u017cesz pobra\u0107 zapisuj\u0105c si\u0119 do<\/strong> <strong>newslettera<\/strong>.<\/p>\n\n\n<p>[mailmunch-form id=&#8221;1003191&#8243;]<\/p>\n\n\n\n<p><\/p>\n\n\n\n<p><strong>Dzi\u0119ki za przeczytanie tego artyku\u0142u! Zapraszam do korzystania z naszych do\u015bwiadcze\u0144 opisanych w pierwszej serii wpis\u00f3w o budowie kampera:<\/strong><br>\u2013 <a href=\"https:\/\/vandalvan.com\/index.php\/2022\/11\/25\/jaka-baza-na-kampera\/\">Jaka baza na kampera? &#8211; wyb\u00f3r samochodu<\/a><br>\u2013 <a href=\"https:\/\/vandalvan.com\/index.php\/2023\/03\/02\/izolacja-kampera-jak-zrobic-to-porzadnie\/\">Izolacja kampera<\/a><br>\u2013&nbsp;<a href=\"http:\/\/vandalvan.com\/index.php\/2019\/09\/22\/okna-do-kampera-jakie-zastosowac-i-jakie-sa-koszty\/\">Okna do kampera<\/a><br>\u2013&nbsp;<a href=\"http:\/\/vandalvan.com\/index.php\/2019\/10\/01\/solary-do-kampera\/\">Panele solarne do kampera<\/a><br>\u2013&nbsp;<a href=\"http:\/\/vandalvan.com\/index.php\/2019\/10\/16\/instalacja-elektryczna-w-kamperze\/\">Instalacja elektryczna w kamperze<\/a><br>\u2013&nbsp;<a href=\"http:\/\/vandalvan.com\/index.php\/2019\/11\/11\/lodowka-do-kampera\/\">Lod\u00f3wka do kampera<\/a><br>\u2013&nbsp;<a href=\"http:\/\/vandalvan.com\/index.php\/2019\/12\/12\/instalacja-wodna-w-kamperze\/\">Instalacja wodna<\/a><br>\u2013&nbsp;<a href=\"https:\/\/vandalvan.com\/index.php\/2020\/01\/09\/instalacja-gazowa-w-kamperze\/\">Instalacja gazowa<\/a><br>\u2013&nbsp;<a href=\"https:\/\/vandalvan.com\/index.php\/2020\/01\/23\/ogrzewanie-w-kamperze\/\">Ogrzewanie<\/a><br>\u2013&nbsp;<a href=\"https:\/\/vandalvan.com\/index.php\/2020\/02\/06\/meble-do-kampera\/\">Meble do kampera<\/a><br>\u2013&nbsp;<a href=\"http:\/\/vandalvan.com\/index.php\/2020\/02\/25\/przerobka-busa-na-kampera\/\">Przer\u00f3bka busa na kampera \u2013 przepisy<\/a><br>\u2013&nbsp;<a rel=\"noreferrer noopener\" href=\"https:\/\/vandalvan.com\/index.php\/2020\/04\/08\/ile-kosztuje-budowa-kampera\/\" target=\"_blank\">Ile kosztuje budowa kampera \u2013 bud\u017cet projektu<\/a><\/p>\n\n\n\n<script async src=\"https:\/\/pagead2.googlesyndication.com\/pagead\/js\/adsbygoogle.js?client=ca-pub-3016166056824207\"\n     crossorigin=\"anonymous\"><\/script>\n","protected":false},"excerpt":{"rendered":"<p>Baza na kampera &#8211; powinna by\u0107 dostosowana do Twoich potrzeb i do stylu podr\u00f3\u017cowania. Warto wybra\u0107 \u015bwiadomie &#8211; przeprowadzaj\u0105c solidn\u0105 analiz\u0119 por\u00f3wnawcz\u0105 dost\u0119pnych samochod\u00f3w. W artykule:&#8211; opisuj\u0119 plusy i minusy popularnych baz na kampera&#8211; zestawiam podstawowe paramtery techniczne,&#8211; podpowiadam, na co zwr\u00f3ci\u0107 uwag\u0119 kupuj\u0105c u\u017cywany samoch\u00f3d. 1. Wyb\u00f3r wielko\u015bci kampera Zak\u0142adaj\u0105c, \u017ce jeste\u015bmy zdecydowani na &hellip; <\/p>\n<p class=\"link-more\"><a href=\"https:\/\/vandalvan.com\/index.php\/2022\/11\/25\/jaka-baza-na-kampera\/\" class=\"more-link\">Czytaj dalej<span class=\"screen-reader-text\"> \u201eJaka baza na kampera?\u201d<\/span><\/a><\/p>\n","protected":false},"author":1,"featured_media":0,"comment_status":"open","ping_status":"open","sticky":false,"template":"","format":"standard","meta":{"footnotes":""},"categories":[22],"tags":[],"class_list":["post-1458","post","type-post","status-publish","format-standard","hentry","category-budowa-kampera"],"yoast_head":"<!-- This site is optimized with the Yoast SEO plugin v26.8 - https:\/\/yoast.com\/product\/yoast-seo-wordpress\/ -->\n<title>Jaka baza na kampera? - VANDALVAN przegl\u0105d rozwi\u0105za\u0144<\/title>\n<meta name=\"description\" content=\"Baza na kampera powinna by\u0107 dostosowana do stylu podr\u00f3\u017cowania. Wybierz \u015bwiadomie, przeprowadzaj\u0105c solidn\u0105 analiz\u0119 por\u00f3wnawcz\u0105 dost\u0119pnych van\u00f3w.\" \/>\n<meta name=\"robots\" content=\"index, follow, max-snippet:-1, max-image-preview:large, max-video-preview:-1\" \/>\n<link rel=\"canonical\" href=\"https:\/\/vandalvan.com\/index.php\/2022\/11\/25\/jaka-baza-na-kampera\/\" \/>\n<meta property=\"og:locale\" content=\"pl_PL\" \/>\n<meta property=\"og:type\" content=\"article\" \/>\n<meta property=\"og:title\" content=\"Jaka baza na kampera? - VANDALVAN przegl\u0105d rozwi\u0105za\u0144\" \/>\n<meta property=\"og:description\" content=\"Baza na kampera powinna by\u0107 dostosowana do stylu podr\u00f3\u017cowania. Wybierz \u015bwiadomie, przeprowadzaj\u0105c solidn\u0105 analiz\u0119 por\u00f3wnawcz\u0105 dost\u0119pnych van\u00f3w.\" \/>\n<meta property=\"og:url\" content=\"https:\/\/vandalvan.com\/index.php\/2022\/11\/25\/jaka-baza-na-kampera\/\" \/>\n<meta property=\"og:site_name\" content=\"VANDALVAN\" \/>\n<meta property=\"article:published_time\" content=\"2022-11-25T20:18:35+00:00\" \/>\n<meta property=\"article:modified_time\" content=\"2024-11-20T17:22:31+00:00\" \/>\n<meta property=\"og:image\" content=\"https:\/\/vandalvan.com\/wp-content\/uploads\/2023\/01\/AdobeStock_337982320-scaled.jpeg\" \/>\n\t<meta property=\"og:image:width\" content=\"2560\" \/>\n\t<meta property=\"og:image:height\" content=\"1440\" \/>\n\t<meta property=\"og:image:type\" content=\"image\/jpeg\" \/>\n<meta name=\"author\" content=\"Rafa\u0142 Wajer\" \/>\n<meta name=\"twitter:card\" content=\"summary_large_image\" \/>\n<meta name=\"twitter:label1\" content=\"Napisane przez\" \/>\n\t<meta name=\"twitter:data1\" content=\"Rafa\u0142 Wajer\" \/>\n\t<meta name=\"twitter:label2\" content=\"Szacowany czas czytania\" \/>\n\t<meta name=\"twitter:data2\" content=\"11 minut\" \/>\n<script type=\"application\/ld+json\" class=\"yoast-schema-graph\">{\"@context\":\"https:\/\/schema.org\",\"@graph\":[{\"@type\":\"Article\",\"@id\":\"https:\/\/vandalvan.com\/index.php\/2022\/11\/25\/jaka-baza-na-kampera\/#article\",\"isPartOf\":{\"@id\":\"https:\/\/vandalvan.com\/index.php\/2022\/11\/25\/jaka-baza-na-kampera\/\"},\"author\":{\"name\":\"Rafa\u0142 Wajer\",\"@id\":\"https:\/\/vandalvan.com\/#\/schema\/person\/cb50370d62a9fe37908560b78a0b67cc\"},\"headline\":\"Jaka baza na kampera?\",\"datePublished\":\"2022-11-25T20:18:35+00:00\",\"dateModified\":\"2024-11-20T17:22:31+00:00\",\"mainEntityOfPage\":{\"@id\":\"https:\/\/vandalvan.com\/index.php\/2022\/11\/25\/jaka-baza-na-kampera\/\"},\"wordCount\":2118,\"commentCount\":9,\"publisher\":{\"@id\":\"https:\/\/vandalvan.com\/#organization\"},\"image\":{\"@id\":\"https:\/\/vandalvan.com\/index.php\/2022\/11\/25\/jaka-baza-na-kampera\/#primaryimage\"},\"thumbnailUrl\":\"https:\/\/vandalvan.com\/wp-content\/uploads\/2023\/01\/AdobeStock_337982320-1024x576.jpeg\",\"articleSection\":[\"Budowa kampera\"],\"inLanguage\":\"pl-PL\",\"potentialAction\":[{\"@type\":\"CommentAction\",\"name\":\"Comment\",\"target\":[\"https:\/\/vandalvan.com\/index.php\/2022\/11\/25\/jaka-baza-na-kampera\/#respond\"]}]},{\"@type\":\"WebPage\",\"@id\":\"https:\/\/vandalvan.com\/index.php\/2022\/11\/25\/jaka-baza-na-kampera\/\",\"url\":\"https:\/\/vandalvan.com\/index.php\/2022\/11\/25\/jaka-baza-na-kampera\/\",\"name\":\"Jaka baza na kampera? - VANDALVAN przegl\u0105d rozwi\u0105za\u0144\",\"isPartOf\":{\"@id\":\"https:\/\/vandalvan.com\/#website\"},\"primaryImageOfPage\":{\"@id\":\"https:\/\/vandalvan.com\/index.php\/2022\/11\/25\/jaka-baza-na-kampera\/#primaryimage\"},\"image\":{\"@id\":\"https:\/\/vandalvan.com\/index.php\/2022\/11\/25\/jaka-baza-na-kampera\/#primaryimage\"},\"thumbnailUrl\":\"https:\/\/vandalvan.com\/wp-content\/uploads\/2023\/01\/AdobeStock_337982320-1024x576.jpeg\",\"datePublished\":\"2022-11-25T20:18:35+00:00\",\"dateModified\":\"2024-11-20T17:22:31+00:00\",\"description\":\"Baza na kampera powinna by\u0107 dostosowana do stylu podr\u00f3\u017cowania. Wybierz \u015bwiadomie, przeprowadzaj\u0105c solidn\u0105 analiz\u0119 por\u00f3wnawcz\u0105 dost\u0119pnych van\u00f3w.\",\"breadcrumb\":{\"@id\":\"https:\/\/vandalvan.com\/index.php\/2022\/11\/25\/jaka-baza-na-kampera\/#breadcrumb\"},\"inLanguage\":\"pl-PL\",\"potentialAction\":[{\"@type\":\"ReadAction\",\"target\":[\"https:\/\/vandalvan.com\/index.php\/2022\/11\/25\/jaka-baza-na-kampera\/\"]}]},{\"@type\":\"ImageObject\",\"inLanguage\":\"pl-PL\",\"@id\":\"https:\/\/vandalvan.com\/index.php\/2022\/11\/25\/jaka-baza-na-kampera\/#primaryimage\",\"url\":\"https:\/\/vandalvan.com\/wp-content\/uploads\/2023\/01\/AdobeStock_337982320-scaled.jpeg\",\"contentUrl\":\"https:\/\/vandalvan.com\/wp-content\/uploads\/2023\/01\/AdobeStock_337982320-scaled.jpeg\",\"width\":2560,\"height\":1440,\"caption\":\"New Delivery Van \/ Truck Driving Through the Beautiful Suburban Town Area. Postal Delivery Service. Front View Shot\"},{\"@type\":\"BreadcrumbList\",\"@id\":\"https:\/\/vandalvan.com\/index.php\/2022\/11\/25\/jaka-baza-na-kampera\/#breadcrumb\",\"itemListElement\":[{\"@type\":\"ListItem\",\"position\":1,\"name\":\"Strona g\u0142\u00f3wna\",\"item\":\"https:\/\/vandalvan.com\/\"},{\"@type\":\"ListItem\",\"position\":2,\"name\":\"Jaka baza na kampera?\"}]},{\"@type\":\"WebSite\",\"@id\":\"https:\/\/vandalvan.com\/#website\",\"url\":\"https:\/\/vandalvan.com\/\",\"name\":\"VANDALVAN\",\"description\":\"Feels like home\",\"publisher\":{\"@id\":\"https:\/\/vandalvan.com\/#organization\"},\"potentialAction\":[{\"@type\":\"SearchAction\",\"target\":{\"@type\":\"EntryPoint\",\"urlTemplate\":\"https:\/\/vandalvan.com\/?s={search_term_string}\"},\"query-input\":{\"@type\":\"PropertyValueSpecification\",\"valueRequired\":true,\"valueName\":\"search_term_string\"}}],\"inLanguage\":\"pl-PL\"},{\"@type\":\"Organization\",\"@id\":\"https:\/\/vandalvan.com\/#organization\",\"name\":\"VANDALVAN\",\"url\":\"https:\/\/vandalvan.com\/\",\"logo\":{\"@type\":\"ImageObject\",\"inLanguage\":\"pl-PL\",\"@id\":\"https:\/\/vandalvan.com\/#\/schema\/logo\/image\/\",\"url\":\"https:\/\/vandalvan.com\/wp-content\/uploads\/2022\/08\/cropped-VANDALVAN-logo-haslo_biale.png\",\"contentUrl\":\"https:\/\/vandalvan.com\/wp-content\/uploads\/2022\/08\/cropped-VANDALVAN-logo-haslo_biale.png\",\"width\":631,\"height\":250,\"caption\":\"VANDALVAN\"},\"image\":{\"@id\":\"https:\/\/vandalvan.com\/#\/schema\/logo\/image\/\"}},{\"@type\":\"Person\",\"@id\":\"https:\/\/vandalvan.com\/#\/schema\/person\/cb50370d62a9fe37908560b78a0b67cc\",\"name\":\"Rafa\u0142 Wajer\",\"image\":{\"@type\":\"ImageObject\",\"inLanguage\":\"pl-PL\",\"@id\":\"https:\/\/vandalvan.com\/#\/schema\/person\/image\/\",\"url\":\"https:\/\/secure.gravatar.com\/avatar\/d3163c7aed60d8d09b0d5c079189533621fa1aa21c1d90c89fc4d58f964088ca?s=96&d=mm&r=g\",\"contentUrl\":\"https:\/\/secure.gravatar.com\/avatar\/d3163c7aed60d8d09b0d5c079189533621fa1aa21c1d90c89fc4d58f964088ca?s=96&d=mm&r=g\",\"caption\":\"Rafa\u0142 Wajer\"},\"url\":\"https:\/\/vandalvan.com\/index.php\/author\/rwajer08\/\"}]}<\/script>\n<!-- \/ Yoast SEO plugin. -->","yoast_head_json":{"title":"Jaka baza na kampera? - VANDALVAN przegl\u0105d rozwi\u0105za\u0144","description":"Baza na kampera powinna by\u0107 dostosowana do stylu podr\u00f3\u017cowania. Wybierz \u015bwiadomie, przeprowadzaj\u0105c solidn\u0105 analiz\u0119 por\u00f3wnawcz\u0105 dost\u0119pnych van\u00f3w.","robots":{"index":"index","follow":"follow","max-snippet":"max-snippet:-1","max-image-preview":"max-image-preview:large","max-video-preview":"max-video-preview:-1"},"canonical":"https:\/\/vandalvan.com\/index.php\/2022\/11\/25\/jaka-baza-na-kampera\/","og_locale":"pl_PL","og_type":"article","og_title":"Jaka baza na kampera? - VANDALVAN przegl\u0105d rozwi\u0105za\u0144","og_description":"Baza na kampera powinna by\u0107 dostosowana do stylu podr\u00f3\u017cowania. Wybierz \u015bwiadomie, przeprowadzaj\u0105c solidn\u0105 analiz\u0119 por\u00f3wnawcz\u0105 dost\u0119pnych van\u00f3w.","og_url":"https:\/\/vandalvan.com\/index.php\/2022\/11\/25\/jaka-baza-na-kampera\/","og_site_name":"VANDALVAN","article_published_time":"2022-11-25T20:18:35+00:00","article_modified_time":"2024-11-20T17:22:31+00:00","og_image":[{"width":2560,"height":1440,"url":"https:\/\/vandalvan.com\/wp-content\/uploads\/2023\/01\/AdobeStock_337982320-scaled.jpeg","type":"image\/jpeg"}],"author":"Rafa\u0142 Wajer","twitter_card":"summary_large_image","twitter_misc":{"Napisane przez":"Rafa\u0142 Wajer","Szacowany czas czytania":"11 minut"},"schema":{"@context":"https:\/\/schema.org","@graph":[{"@type":"Article","@id":"https:\/\/vandalvan.com\/index.php\/2022\/11\/25\/jaka-baza-na-kampera\/#article","isPartOf":{"@id":"https:\/\/vandalvan.com\/index.php\/2022\/11\/25\/jaka-baza-na-kampera\/"},"author":{"name":"Rafa\u0142 Wajer","@id":"https:\/\/vandalvan.com\/#\/schema\/person\/cb50370d62a9fe37908560b78a0b67cc"},"headline":"Jaka baza na kampera?","datePublished":"2022-11-25T20:18:35+00:00","dateModified":"2024-11-20T17:22:31+00:00","mainEntityOfPage":{"@id":"https:\/\/vandalvan.com\/index.php\/2022\/11\/25\/jaka-baza-na-kampera\/"},"wordCount":2118,"commentCount":9,"publisher":{"@id":"https:\/\/vandalvan.com\/#organization"},"image":{"@id":"https:\/\/vandalvan.com\/index.php\/2022\/11\/25\/jaka-baza-na-kampera\/#primaryimage"},"thumbnailUrl":"https:\/\/vandalvan.com\/wp-content\/uploads\/2023\/01\/AdobeStock_337982320-1024x576.jpeg","articleSection":["Budowa kampera"],"inLanguage":"pl-PL","potentialAction":[{"@type":"CommentAction","name":"Comment","target":["https:\/\/vandalvan.com\/index.php\/2022\/11\/25\/jaka-baza-na-kampera\/#respond"]}]},{"@type":"WebPage","@id":"https:\/\/vandalvan.com\/index.php\/2022\/11\/25\/jaka-baza-na-kampera\/","url":"https:\/\/vandalvan.com\/index.php\/2022\/11\/25\/jaka-baza-na-kampera\/","name":"Jaka baza na kampera? - VANDALVAN przegl\u0105d rozwi\u0105za\u0144","isPartOf":{"@id":"https:\/\/vandalvan.com\/#website"},"primaryImageOfPage":{"@id":"https:\/\/vandalvan.com\/index.php\/2022\/11\/25\/jaka-baza-na-kampera\/#primaryimage"},"image":{"@id":"https:\/\/vandalvan.com\/index.php\/2022\/11\/25\/jaka-baza-na-kampera\/#primaryimage"},"thumbnailUrl":"https:\/\/vandalvan.com\/wp-content\/uploads\/2023\/01\/AdobeStock_337982320-1024x576.jpeg","datePublished":"2022-11-25T20:18:35+00:00","dateModified":"2024-11-20T17:22:31+00:00","description":"Baza na kampera powinna by\u0107 dostosowana do stylu podr\u00f3\u017cowania. Wybierz \u015bwiadomie, przeprowadzaj\u0105c solidn\u0105 analiz\u0119 por\u00f3wnawcz\u0105 dost\u0119pnych van\u00f3w.","breadcrumb":{"@id":"https:\/\/vandalvan.com\/index.php\/2022\/11\/25\/jaka-baza-na-kampera\/#breadcrumb"},"inLanguage":"pl-PL","potentialAction":[{"@type":"ReadAction","target":["https:\/\/vandalvan.com\/index.php\/2022\/11\/25\/jaka-baza-na-kampera\/"]}]},{"@type":"ImageObject","inLanguage":"pl-PL","@id":"https:\/\/vandalvan.com\/index.php\/2022\/11\/25\/jaka-baza-na-kampera\/#primaryimage","url":"https:\/\/vandalvan.com\/wp-content\/uploads\/2023\/01\/AdobeStock_337982320-scaled.jpeg","contentUrl":"https:\/\/vandalvan.com\/wp-content\/uploads\/2023\/01\/AdobeStock_337982320-scaled.jpeg","width":2560,"height":1440,"caption":"New Delivery Van \/ Truck Driving Through the Beautiful Suburban Town Area. Postal Delivery Service. Front View Shot"},{"@type":"BreadcrumbList","@id":"https:\/\/vandalvan.com\/index.php\/2022\/11\/25\/jaka-baza-na-kampera\/#breadcrumb","itemListElement":[{"@type":"ListItem","position":1,"name":"Strona g\u0142\u00f3wna","item":"https:\/\/vandalvan.com\/"},{"@type":"ListItem","position":2,"name":"Jaka baza na kampera?"}]},{"@type":"WebSite","@id":"https:\/\/vandalvan.com\/#website","url":"https:\/\/vandalvan.com\/","name":"VANDALVAN","description":"Feels like home","publisher":{"@id":"https:\/\/vandalvan.com\/#organization"},"potentialAction":[{"@type":"SearchAction","target":{"@type":"EntryPoint","urlTemplate":"https:\/\/vandalvan.com\/?s={search_term_string}"},"query-input":{"@type":"PropertyValueSpecification","valueRequired":true,"valueName":"search_term_string"}}],"inLanguage":"pl-PL"},{"@type":"Organization","@id":"https:\/\/vandalvan.com\/#organization","name":"VANDALVAN","url":"https:\/\/vandalvan.com\/","logo":{"@type":"ImageObject","inLanguage":"pl-PL","@id":"https:\/\/vandalvan.com\/#\/schema\/logo\/image\/","url":"https:\/\/vandalvan.com\/wp-content\/uploads\/2022\/08\/cropped-VANDALVAN-logo-haslo_biale.png","contentUrl":"https:\/\/vandalvan.com\/wp-content\/uploads\/2022\/08\/cropped-VANDALVAN-logo-haslo_biale.png","width":631,"height":250,"caption":"VANDALVAN"},"image":{"@id":"https:\/\/vandalvan.com\/#\/schema\/logo\/image\/"}},{"@type":"Person","@id":"https:\/\/vandalvan.com\/#\/schema\/person\/cb50370d62a9fe37908560b78a0b67cc","name":"Rafa\u0142 Wajer","image":{"@type":"ImageObject","inLanguage":"pl-PL","@id":"https:\/\/vandalvan.com\/#\/schema\/person\/image\/","url":"https:\/\/secure.gravatar.com\/avatar\/d3163c7aed60d8d09b0d5c079189533621fa1aa21c1d90c89fc4d58f964088ca?s=96&d=mm&r=g","contentUrl":"https:\/\/secure.gravatar.com\/avatar\/d3163c7aed60d8d09b0d5c079189533621fa1aa21c1d90c89fc4d58f964088ca?s=96&d=mm&r=g","caption":"Rafa\u0142 Wajer"},"url":"https:\/\/vandalvan.com\/index.php\/author\/rwajer08\/"}]}},"_links":{"self":[{"href":"https:\/\/vandalvan.com\/index.php\/wp-json\/wp\/v2\/posts\/1458","targetHints":{"allow":["GET"]}}],"collection":[{"href":"https:\/\/vandalvan.com\/index.php\/wp-json\/wp\/v2\/posts"}],"about":[{"href":"https:\/\/vandalvan.com\/index.php\/wp-json\/wp\/v2\/types\/post"}],"author":[{"embeddable":true,"href":"https:\/\/vandalvan.com\/index.php\/wp-json\/wp\/v2\/users\/1"}],"replies":[{"embeddable":true,"href":"https:\/\/vandalvan.com\/index.php\/wp-json\/wp\/v2\/comments?post=1458"}],"version-history":[{"count":0,"href":"https:\/\/vandalvan.com\/index.php\/wp-json\/wp\/v2\/posts\/1458\/revisions"}],"wp:attachment":[{"href":"https:\/\/vandalvan.com\/index.php\/wp-json\/wp\/v2\/media?parent=1458"}],"wp:term":[{"taxonomy":"category","embeddable":true,"href":"https:\/\/vandalvan.com\/index.php\/wp-json\/wp\/v2\/categories?post=1458"},{"taxonomy":"post_tag","embeddable":true,"href":"https:\/\/vandalvan.com\/index.php\/wp-json\/wp\/v2\/tags?post=1458"}],"curies":[{"name":"wp","href":"https:\/\/api.w.org\/{rel}","templated":true}]}}